{"id":5863,"date":"2025-06-13T07:04:55","date_gmt":"2025-06-13T05:04:55","guid":{"rendered":"https:\/\/agora.xtec.cat\/iesguinovarda\/?p=5863"},"modified":"2025-06-13T07:05:05","modified_gmt":"2025-06-13T05:05:05","slug":"el-garrofer-de-sitges-una-porta-cap-a-la-diversio","status":"publish","type":"post","link":"https:\/\/agora.xtec.cat\/iesguinovarda\/portada\/el-garrofer-de-sitges-una-porta-cap-a-la-diversio\/","title":{"rendered":"EL GARROFER DE SITGES, UNA PORTA  CAP A LA DIVERSI\u00d3"},"content":{"rendered":"<p>L\u2019alumnat i professorat del SIEI van anar de col\u00f2nies a Sitges, a la comarca del Garraf. Es van allotjar al c\u00e0mping El Garrofer que els va oferir uns bungalous fant\u00e0stics per descansar, un restaurant genial per menjar i unes piscines amb tobogans on la diversi\u00f3 va  estar garantida des del primer dia.<br \/>\nAquesta experi\u00e8ncia va servir per treballar la cohesi\u00f3 de grup, per millorar les seves relacions, per millorar l\u2019esperit de superaci\u00f3 personal, per fomentar l\u2019autonomia, per ser m\u00e9s responsables i per gaudir d\u2019uns dies en un entorn diferent al del dia a dia a l\u2019institut.<\/p>\n<p><a data-flickr-embed=\"true\" href=\"https:\/\/www.flickr.com\/photos\/insguinovarda\/albums\/72177720326841088\" title=\"Col\u00f2nies juny 25 (SIEI)\"><img loading=\"lazy\" decoding=\"async\" src=\"https:\/\/live.staticflickr.com\/65535\/54586098549_fbcdf141ea_z.jpg\" width=\"640\" height=\"480\" alt=\"Col\u00f2nies juny 25 (SIEI)\"\/><\/a><script async src=\"\/\/embedr.flickr.com\/assets\/client-code.js\" charset=\"utf-8\"><\/script><\/p>\n","protected":false},"excerpt":{"rendered":"<p>L\u2019alumnat i professorat del SIEI van anar de col\u00f2nies a Sitges, a la comarca del Garraf. Es van allotjar al c\u00e0mping El Garrofer que els va oferir uns bungalous fant\u00e0stics per descansar, un restaurant genial per menjar i unes piscines amb tobogans on la diversi\u00f3&hellip;  <a href=\"https:\/\/agora.xtec.cat\/iesguinovarda\/portada\/el-garrofer-de-sitges-una-porta-cap-a-la-diversio\/\" title=\"Read EL GARROFER DE SITGES, UNA PORTA  CAP A LA DIVERSI\u00d3\">Llegeix m\u00e9s\u00bb<\/a><\/p>\n","protected":false},"author":5,"featured_media":5864,"comment_status":"closed","ping_status":"closed","sticky":false,"template":"","format":"standard","meta":{"_bbp_topic_count":0,"_bbp_reply_count":0,"_bbp_total_topic_count":0,"_bbp_total_reply_count":0,"_bbp_voice_count":0,"_bbp_anonymous_reply_count":0,"_bbp_topic_count_hidden":0,"_bbp_reply_count_hidden":0,"_bbp_forum_subforum_count":0,"footnotes":""},"categories":[29,122],"tags":[],"class_list":["post-5863","post","type-post","status-publish","format-standard","has-post-thumbnail","hentry","category-portada","category-siei"],"post_mailing_queue_ids":[],"_links":{"self":[{"href":"https:\/\/agora.xtec.cat\/iesguinovarda\/wp-json\/wp\/v2\/posts\/5863","targetHints":{"allow":["GET"]}}],"collection":[{"href":"https:\/\/agora.xtec.cat\/iesguinovarda\/wp-json\/wp\/v2\/posts"}],"about":[{"href":"https:\/\/agora.xtec.cat\/iesguinovarda\/wp-json\/wp\/v2\/types\/post"}],"author":[{"embeddable":true,"href":"https:\/\/agora.xtec.cat\/iesguinovarda\/wp-json\/wp\/v2\/users\/5"}],"replies":[{"embeddable":true,"href":"https:\/\/agora.xtec.cat\/iesguinovarda\/wp-json\/wp\/v2\/comments?post=5863"}],"version-history":[{"count":1,"href":"https:\/\/agora.xtec.cat\/iesguinovarda\/wp-json\/wp\/v2\/posts\/5863\/revisions"}],"predecessor-version":[{"id":5865,"href":"https:\/\/agora.xtec.cat\/iesguinovarda\/wp-json\/wp\/v2\/posts\/5863\/revisions\/5865"}],"wp:featuredmedia":[{"embeddable":true,"href":"https:\/\/agora.xtec.cat\/iesguinovarda\/wp-json\/wp\/v2\/media\/5864"}],"wp:attachment":[{"href":"https:\/\/agora.xtec.cat\/iesguinovarda\/wp-json\/wp\/v2\/media?parent=5863"}],"wp:term":[{"taxonomy":"category","embeddable":true,"href":"https:\/\/agora.xtec.cat\/iesguinovarda\/wp-json\/wp\/v2\/categories?post=5863"},{"taxonomy":"post_tag","embeddable":true,"href":"https:\/\/agora.xtec.cat\/iesguinovarda\/wp-json\/wp\/v2\/tags?post=5863"}],"curies":[{"name":"wp","href":"https:\/\/api.w.org\/{rel}","templated":true}]}}