{"id":5858,"date":"2025-06-10T07:26:10","date_gmt":"2025-06-10T05:26:10","guid":{"rendered":"https:\/\/agora.xtec.cat\/iesguinovarda\/?p=5858"},"modified":"2025-06-10T07:26:10","modified_gmt":"2025-06-10T05:26:10","slug":"un-mon-en-miniatura","status":"publish","type":"post","link":"https:\/\/agora.xtec.cat\/iesguinovarda\/eso\/eso-1\/un-mon-en-miniatura\/","title":{"rendered":"UN M\u00d3N EN MINIATURA"},"content":{"rendered":"<p>L\u2019alumnat de 1r d\u2019ESO va visitar el parc tem\u00e0tic Catalunya en Miniatura a Torrelles de Llobregat.<br \/>\nEls alumnes i les alumnes van realitzar un recorregut per l\u2019exposici\u00f3 de maquetes que  els va dur a con\u00e8ixer els racons m\u00e9s emblem\u00e0tics de Catalunya i van endinsar-se en un bosc animat ple d\u2019aventura, diversi\u00f3 i emoci\u00f3 van, on els circuits i les tirolines els van connectar amb la natura i amb l\u2019activitat f\u00edsica.<\/p>\n<p><a data-flickr-embed=\"true\" href=\"https:\/\/www.flickr.com\/photos\/insguinovarda\/albums\/72177720326746952\" title=\"Catalunya en Miniatura juny 25 (1ESO)\"><img loading=\"lazy\" decoding=\"async\" src=\"https:\/\/live.staticflickr.com\/65535\/54579358579_b6369937a6_z.jpg\" width=\"640\" height=\"480\" alt=\"Catalunya en Miniatura juny 25 (1ESO)\"\/><\/a><script async src=\"\/\/embedr.flickr.com\/assets\/client-code.js\" charset=\"utf-8\"><\/script><\/p>\n","protected":false},"excerpt":{"rendered":"<p>L\u2019alumnat de 1r d\u2019ESO va visitar el parc tem\u00e0tic Catalunya en Miniatura a Torrelles de Llobregat.<br \/>\nEls alumnes i les alumnes van realitzar un recorregut per l\u2019exposici\u00f3 de maquetes que  els va dur a con\u00e8ixer els racons m\u00e9s emblem\u00e0tics de Catalunya i van endinsar-se en&hellip;  <a href=\"https:\/\/agora.xtec.cat\/iesguinovarda\/eso\/eso-1\/un-mon-en-miniatura\/\" title=\"Read UN M\u00d3N EN MINIATURA\">Llegeix m\u00e9s\u00bb<\/a><\/p>\n","protected":false},"author":5,"featured_media":5859,"comment_status":"closed","ping_status":"closed","sticky":false,"template":"","format":"standard","meta":{"_bbp_topic_count":0,"_bbp_reply_count":0,"_bbp_total_topic_count":0,"_bbp_total_reply_count":0,"_bbp_voice_count":0,"_bbp_anonymous_reply_count":0,"_bbp_topic_count_hidden":0,"_bbp_reply_count_hidden":0,"_bbp_forum_subforum_count":0,"footnotes":""},"categories":[4,29],"tags":[],"class_list":["post-5858","post","type-post","status-publish","format-standard","has-post-thumbnail","hentry","category-eso-1","category-portada"],"post_mailing_queue_ids":[],"_links":{"self":[{"href":"https:\/\/agora.xtec.cat\/iesguinovarda\/wp-json\/wp\/v2\/posts\/5858","targetHints":{"allow":["GET"]}}],"collection":[{"href":"https:\/\/agora.xtec.cat\/iesguinovarda\/wp-json\/wp\/v2\/posts"}],"about":[{"href":"https:\/\/agora.xtec.cat\/iesguinovarda\/wp-json\/wp\/v2\/types\/post"}],"author":[{"embeddable":true,"href":"https:\/\/agora.xtec.cat\/iesguinovarda\/wp-json\/wp\/v2\/users\/5"}],"replies":[{"embeddable":true,"href":"https:\/\/agora.xtec.cat\/iesguinovarda\/wp-json\/wp\/v2\/comments?post=5858"}],"version-history":[{"count":1,"href":"https:\/\/agora.xtec.cat\/iesguinovarda\/wp-json\/wp\/v2\/posts\/5858\/revisions"}],"predecessor-version":[{"id":5860,"href":"https:\/\/agora.xtec.cat\/iesguinovarda\/wp-json\/wp\/v2\/posts\/5858\/revisions\/5860"}],"wp:featuredmedia":[{"embeddable":true,"href":"https:\/\/agora.xtec.cat\/iesguinovarda\/wp-json\/wp\/v2\/media\/5859"}],"wp:attachment":[{"href":"https:\/\/agora.xtec.cat\/iesguinovarda\/wp-json\/wp\/v2\/media?parent=5858"}],"wp:term":[{"taxonomy":"category","embeddable":true,"href":"https:\/\/agora.xtec.cat\/iesguinovarda\/wp-json\/wp\/v2\/categories?post=5858"},{"taxonomy":"post_tag","embeddable":true,"href":"https:\/\/agora.xtec.cat\/iesguinovarda\/wp-json\/wp\/v2\/tags?post=5858"}],"curies":[{"name":"wp","href":"https:\/\/api.w.org\/{rel}","templated":true}]}}