{"id":5790,"date":"2025-05-18T09:28:14","date_gmt":"2025-05-18T07:28:14","guid":{"rendered":"https:\/\/agora.xtec.cat\/iesguinovarda\/?p=5790"},"modified":"2025-05-18T09:28:14","modified_gmt":"2025-05-18T07:28:14","slug":"lliurament-dels-premis-trec-2025","status":"publish","type":"post","link":"https:\/\/agora.xtec.cat\/iesguinovarda\/portada\/lliurament-dels-premis-trec-2025\/","title":{"rendered":"LLIURAMENT DELS PREMIS TREC 2025"},"content":{"rendered":"<p>Els Premis TREC va celebrar la seva 17a edici\u00f3 reconeixent l\u2019esfor\u00e7, la qualitat i la implicaci\u00f3 de l\u2019alumnat de segon de Batxillerat.<\/p>\n<p>Dissabte, 10 de maig, la sala de plens de l\u2019Ajuntament de la Vila de Piera va acollir l\u2019acte de lliurament dels Premis TREC, un reconeixement que s\u2019atorga als millors treballs de recerca elaborats per l\u2019alumnat de segon curs de Batxillerat de l\u2019Institut Guinovarda.<\/p>\n<p>Amb aquesta iniciativa es pret\u00e9n fomentar la recerca entre els joves, amb especial \u00e8mfasi en l\u2019\u00e0mbit local, alhora que es potencia la curiositat, el pensament cr\u00edtic i l\u2019inter\u00e8s per la investigaci\u00f3 en l\u2019etapa educativa pr\u00e8via a la universitat.<\/p>\n<p>En aquesta edici\u00f3, el jurat va atorgar el Premi TREC a la millor recerca en tem\u00e0tica general al treball <em>Les Trementinaires<\/em>, d\u2019Emma Aguilar Comas, un projecte que ja havia estat reconegut recentment amb el Premi Francesc Noy d\u2019Humanitats de la Universitat Pompeu Fabra.<\/p>\n<p>Pel que fa al Premi TREC en tem\u00e0tica local, l\u2019obra distingida va ser <em>Estudi dels l\u00edquens de Ca n\u2019Aguilera<\/em>, de Maria Quadrada Isart, una investigaci\u00f3 centrada en la biodiversitat del territori pierenc.<\/p>\n<p>A m\u00e9s, es van concedir diversos acc\u00e8ssits que van posar en relleu la varietat d\u2019interessos i l\u2019alt nivell acad\u00e8mic dels participants:<br \/>\n<em>Evoluci\u00f3 estel\u00b7lar i la creaci\u00f3 de forats negres: Una an\u00e0lisi des de l\u2019observaci\u00f3 als c\u00e0lculs<\/em>, d\u2019Ainhoa Cobacho Garcia.<br \/>\n<em>Perspectiva medicoterap\u00e8utica del ioga Lyengar<\/em>, de No\u00e8lia Parra Latorre.<br \/>\n<em>Camins de Piera: la mobilitat dels vianants al nostre poble <\/em>, de Carolina Gonz\u00e1lez Cabrero.<br \/>\n<em>L\u2019\u00faltima milla. Vehicles El\u00e8ctric de curta dist\u00e0ncia per l\u2019\u00e0mbit laboral, la bicicleta de c\u00e0rrega el\u00e8ctrica<\/em>, de Guillem Escudero S\u00e1nchez.<\/p>\n<p>La resta de treballs finalistes van ser:<br \/>\n<em>Les metodologies d\u2019aprenentatge a l\u2019educaci\u00f3 infantil<\/em>, de Elsa Ca\u00f1adas Garcia.<br \/>\n<em>Beneficis f\u00edsics i mentals del ramad\u00e0<\/em>, de Soraya El Yaakoube Ben Issa.<br \/>\n<em>Lipedema. M\u00e9s enll\u00e0 de l\u2019aparen\u00e7a. Comprenent una malaltia invisible<\/em>, de Marta<br \/>\nFern\u00e1ndez Herrer\u00edas.<br \/>\n<em>La proporci\u00f3 \u00c0uria en l\u2019arquitectura<\/em>, de Nel Garcia Picote<br \/>\n<em>La paradoxa dels bessons<\/em>, de Izan Guien Brito.<br \/>\n<em>Del mite a l\u2019actualitat<\/em>, de Irene Guillen Garcia.<br \/>\n<em>Portem una alimentaci\u00f3 Internacional realment Saludable?<\/em>, de Hajar Mallali El<br \/>\nAzzouzi.<br \/>\n<em>En mans de D\u00e9u: Ci\u00e8ncia o religi\u00f3<\/em>, de Judith Picon Merino.<br \/>\n<em>L\u2019impacte psicol\u00f2gic del c\u00e0ncer<\/em>, de Sara S\u00e1nchez Bonet.<\/p>\n<p>L\u2019acte va comptar amb la participaci\u00f3 musical de l\u2019alumnat de l\u2019Escola Municipal de M\u00fasica Maria Escol\u00e0 i Cases (piano: Eva Alemany i Marina Tena, violoncel: Guillem Escudero; veu: Andrea Mongiovi) i amb les intervencions de diversos representants de la comunitat educativa i institucional.<\/p>\n<p><a data-flickr-embed=\"true\" href=\"https:\/\/www.flickr.com\/photos\/insguinovarda\/albums\/72177720326203778\" title=\"PREMIS TREC maig 25 (2BATX)\"><img loading=\"lazy\" decoding=\"async\" src=\"https:\/\/live.staticflickr.com\/65535\/54527209420_25e305e7b3_z.jpg\" width=\"640\" height=\"480\" alt=\"PREMIS TREC maig 25 (2BATX)\"\/><\/a><script async src=\"\/\/embedr.flickr.com\/assets\/client-code.js\" charset=\"utf-8\"><\/script><\/p>\n","protected":false},"excerpt":{"rendered":"<p>Els Premis TREC va celebrar la seva 17a edici\u00f3 reconeixent l\u2019esfor\u00e7, la qualitat i la implicaci\u00f3 de l\u2019alumnat de segon de Batxillerat.<br \/>\nDissabte, 10 de maig, la sala de plens de l\u2019Ajuntament de la Vila de Piera va acollir l\u2019acte de lliurament dels Premis TREC, un&hellip;  <a href=\"https:\/\/agora.xtec.cat\/iesguinovarda\/portada\/lliurament-dels-premis-trec-2025\/\" title=\"Read LLIURAMENT DELS PREMIS TREC 2025\">Llegeix m\u00e9s\u00bb<\/a><\/p>\n","protected":false},"author":5,"featured_media":5791,"comment_status":"closed","ping_status":"closed","sticky":false,"template":"","format":"standard","meta":{"_bbp_topic_count":0,"_bbp_reply_count":0,"_bbp_total_topic_count":0,"_bbp_total_reply_count":0,"_bbp_voice_count":0,"_bbp_anonymous_reply_count":0,"_bbp_topic_count_hidden":0,"_bbp_reply_count_hidden":0,"_bbp_forum_subforum_count":0,"footnotes":""},"categories":[109,29],"tags":[],"class_list":["post-5790","post","type-post","status-publish","format-standard","has-post-thumbnail","hentry","category-batx-2","category-portada"],"post_mailing_queue_ids":[],"_links":{"self":[{"href":"https:\/\/agora.xtec.cat\/iesguinovarda\/wp-json\/wp\/v2\/posts\/5790","targetHints":{"allow":["GET"]}}],"collection":[{"href":"https:\/\/agora.xtec.cat\/iesguinovarda\/wp-json\/wp\/v2\/posts"}],"about":[{"href":"https:\/\/agora.xtec.cat\/iesguinovarda\/wp-json\/wp\/v2\/types\/post"}],"author":[{"embeddable":true,"href":"https:\/\/agora.xtec.cat\/iesguinovarda\/wp-json\/wp\/v2\/users\/5"}],"replies":[{"embeddable":true,"href":"https:\/\/agora.xtec.cat\/iesguinovarda\/wp-json\/wp\/v2\/comments?post=5790"}],"version-history":[{"count":1,"href":"https:\/\/agora.xtec.cat\/iesguinovarda\/wp-json\/wp\/v2\/posts\/5790\/revisions"}],"predecessor-version":[{"id":5792,"href":"https:\/\/agora.xtec.cat\/iesguinovarda\/wp-json\/wp\/v2\/posts\/5790\/revisions\/5792"}],"wp:featuredmedia":[{"embeddable":true,"href":"https:\/\/agora.xtec.cat\/iesguinovarda\/wp-json\/wp\/v2\/media\/5791"}],"wp:attachment":[{"href":"https:\/\/agora.xtec.cat\/iesguinovarda\/wp-json\/wp\/v2\/media?parent=5790"}],"wp:term":[{"taxonomy":"category","embeddable":true,"href":"https:\/\/agora.xtec.cat\/iesguinovarda\/wp-json\/wp\/v2\/categories?post=5790"},{"taxonomy":"post_tag","embeddable":true,"href":"https:\/\/agora.xtec.cat\/iesguinovarda\/wp-json\/wp\/v2\/tags?post=5790"}],"curies":[{"name":"wp","href":"https:\/\/api.w.org\/{rel}","templated":true}]}}