{"id":5787,"date":"2025-05-18T07:46:23","date_gmt":"2025-05-18T05:46:23","guid":{"rendered":"https:\/\/agora.xtec.cat\/iesguinovarda\/?p=5787"},"modified":"2025-05-18T07:46:23","modified_gmt":"2025-05-18T05:46:23","slug":"un-mati-compartit-amb-ampans-que-no-oblidarem","status":"publish","type":"post","link":"https:\/\/agora.xtec.cat\/iesguinovarda\/portada\/un-mati-compartit-amb-ampans-que-no-oblidarem\/","title":{"rendered":"UN MAT\u00cd COMPARTIT AMB AMPANS QUE NO OBLIDAREM!"},"content":{"rendered":"<p>Dimarts 6 de maig, l\u2019alumnat de 1r curs va passar el mat\u00ed al centre MAPNAS d\u2019AMPANS, a Santpedor. AMPANS \u00e9s una entitat que acompanya persones amb discapacitat intel\u00b7lectual, trastorns de salut mental o en situaci\u00f3 vulnerable perqu\u00e8 puguin tenir una vida plena i activa.<br \/>\nLa visita va comen\u00e7ar amb una xerrada molt especial, ja que la van fer els mateixos usuaris del centre. Ens van explicar qui s\u00f3n, qu\u00e8 fan i com viuen el seu dia a dia a AMPANS. Ens va agradar molt escoltar-los i veure com estaven implicats!<br \/>\nDespr\u00e9s, vam fer din\u00e0miques en dos grups: un grup va compartir activitats amb usuaris m\u00e9s grans i l\u2019altre amb m\u00e9s joves. Tots vam aprendre molt i vam passar una molt bona estona plegats.<br \/>\nVa ser una sortida molt enriquidora.\u00a0Els usuaris estaven molt contents de rebre la nostra visita, i nosaltres tamb\u00e9 vam gaudir molt de l\u2019experi\u00e8ncia.<br \/>\nSegur que tornarem a repetir-la!<\/p>\n<p><a data-flickr-embed=\"true\" href=\"https:\/\/www.flickr.com\/photos\/insguinovarda\/albums\/72177720326202818\" title=\"AMPANS maig 25 (1TAPSD)\"><img loading=\"lazy\" decoding=\"async\" src=\"https:\/\/live.staticflickr.com\/65535\/54525889107_5bee662602_z.jpg\" width=\"640\" height=\"480\" alt=\"AMPANS maig 25 (1TAPSD)\"\/><\/a><script async src=\"\/\/embedr.flickr.com\/assets\/client-code.js\" charset=\"utf-8\"><\/script><\/p>\n","protected":false},"excerpt":{"rendered":"<p>Dimarts 6 de maig, l\u2019alumnat de 1r curs va passar el mat\u00ed al centre MAPNAS d\u2019AMPANS, a Santpedor. AMPANS \u00e9s una entitat que acompanya persones amb discapacitat intel\u00b7lectual, trastorns de salut mental o en situaci\u00f3 vulnerable perqu\u00e8 puguin tenir una vida plena i activa.<br \/>\nLa visita&hellip;  <a href=\"https:\/\/agora.xtec.cat\/iesguinovarda\/portada\/un-mati-compartit-amb-ampans-que-no-oblidarem\/\" title=\"Read UN MAT\u00cd COMPARTIT AMB AMPANS QUE NO OBLIDAREM!\">Llegeix m\u00e9s\u00bb<\/a><\/p>\n","protected":false},"author":5,"featured_media":5788,"comment_status":"closed","ping_status":"closed","sticky":false,"template":"","format":"standard","meta":{"_bbp_topic_count":0,"_bbp_reply_count":0,"_bbp_total_topic_count":0,"_bbp_total_reply_count":0,"_bbp_voice_count":0,"_bbp_anonymous_reply_count":0,"_bbp_topic_count_hidden":0,"_bbp_reply_count_hidden":0,"_bbp_forum_subforum_count":0,"footnotes":""},"categories":[29,110],"tags":[],"class_list":["post-5787","post","type-post","status-publish","format-standard","has-post-thumbnail","hentry","category-portada","category-tapsd-1"],"post_mailing_queue_ids":[],"_links":{"self":[{"href":"https:\/\/agora.xtec.cat\/iesguinovarda\/wp-json\/wp\/v2\/posts\/5787","targetHints":{"allow":["GET"]}}],"collection":[{"href":"https:\/\/agora.xtec.cat\/iesguinovarda\/wp-json\/wp\/v2\/posts"}],"about":[{"href":"https:\/\/agora.xtec.cat\/iesguinovarda\/wp-json\/wp\/v2\/types\/post"}],"author":[{"embeddable":true,"href":"https:\/\/agora.xtec.cat\/iesguinovarda\/wp-json\/wp\/v2\/users\/5"}],"replies":[{"embeddable":true,"href":"https:\/\/agora.xtec.cat\/iesguinovarda\/wp-json\/wp\/v2\/comments?post=5787"}],"version-history":[{"count":1,"href":"https:\/\/agora.xtec.cat\/iesguinovarda\/wp-json\/wp\/v2\/posts\/5787\/revisions"}],"predecessor-version":[{"id":5789,"href":"https:\/\/agora.xtec.cat\/iesguinovarda\/wp-json\/wp\/v2\/posts\/5787\/revisions\/5789"}],"wp:featuredmedia":[{"embeddable":true,"href":"https:\/\/agora.xtec.cat\/iesguinovarda\/wp-json\/wp\/v2\/media\/5788"}],"wp:attachment":[{"href":"https:\/\/agora.xtec.cat\/iesguinovarda\/wp-json\/wp\/v2\/media?parent=5787"}],"wp:term":[{"taxonomy":"category","embeddable":true,"href":"https:\/\/agora.xtec.cat\/iesguinovarda\/wp-json\/wp\/v2\/categories?post=5787"},{"taxonomy":"post_tag","embeddable":true,"href":"https:\/\/agora.xtec.cat\/iesguinovarda\/wp-json\/wp\/v2\/tags?post=5787"}],"curies":[{"name":"wp","href":"https:\/\/api.w.org\/{rel}","templated":true}]}}