{"id":5693,"date":"2025-04-26T12:15:06","date_gmt":"2025-04-26T10:15:06","guid":{"rendered":"https:\/\/agora.xtec.cat\/iesguinovarda\/?p=5693"},"modified":"2025-04-26T12:15:06","modified_gmt":"2025-04-26T10:15:06","slug":"les-actituds-i-competencies-transversals","status":"publish","type":"post","link":"https:\/\/agora.xtec.cat\/iesguinovarda\/eso\/eso-4\/les-actituds-i-competencies-transversals\/","title":{"rendered":"LES ACTITUDS I COMPET\u00c8NCIES TRANSVERSALS"},"content":{"rendered":"<p>L\u2019alumnat de quart d\u2019ESO va assistir a una xerrada sobre actituds i compet\u00e8ncies transversals.<br \/>\nAmb aquesta activitat, l\u2019\u00e0rea d\u2019Educaci\u00f3 de la Diputaci\u00f3 de Barcelona va voler mostrar la import\u00e0ncia de l\u2019actitud en l\u2019\u00e8xit personal i recon\u00e8ixer i treballar les compet\u00e8ncies transversals que t\u00e9 cadasc\u00fa i com desenvolupar-les en diferents contextos.<br \/>\nLa xerrada tenia com a objectius incidir en la import\u00e0ncia de l\u2019actitud en l\u2019\u00e8xit personal  i identificar les compet\u00e8ncies transversals i com desenvolupar-les.<\/p>\n<p><a data-flickr-embed=\"true\" href=\"https:\/\/www.flickr.com\/photos\/insguinovarda\/albums\/72177720325548154\" title=\"Actituds i compet\u00e8ncies transversals abr. 25 (4ESO)\"><img loading=\"lazy\" decoding=\"async\" src=\"https:\/\/live.staticflickr.com\/65535\/54476068607_64cea0c577_z.jpg\" width=\"640\" height=\"480\" alt=\"Actituds i compet\u00e8ncies transversals abr. 25 (4ESO)\"\/><\/a><script async src=\"\/\/embedr.flickr.com\/assets\/client-code.js\" charset=\"utf-8\"><\/script><\/p>\n","protected":false},"excerpt":{"rendered":"<p>L\u2019alumnat de quart d\u2019ESO va assistir a una xerrada sobre actituds i compet\u00e8ncies transversals.<br \/>\nAmb aquesta activitat, l\u2019\u00e0rea d\u2019Educaci\u00f3 de la Diputaci\u00f3 de Barcelona va voler mostrar la import\u00e0ncia de l\u2019actitud en l\u2019\u00e8xit personal i recon\u00e8ixer i treballar les compet\u00e8ncies transversals que t\u00e9 cadasc\u00fa i com&hellip;  <a href=\"https:\/\/agora.xtec.cat\/iesguinovarda\/eso\/eso-4\/les-actituds-i-competencies-transversals\/\" title=\"Read LES ACTITUDS I COMPET\u00c8NCIES TRANSVERSALS\">Llegeix m\u00e9s\u00bb<\/a><\/p>\n","protected":false},"author":5,"featured_media":5694,"comment_status":"closed","ping_status":"closed","sticky":false,"template":"","format":"standard","meta":{"_bbp_topic_count":0,"_bbp_reply_count":0,"_bbp_total_topic_count":0,"_bbp_total_reply_count":0,"_bbp_voice_count":0,"_bbp_anonymous_reply_count":0,"_bbp_topic_count_hidden":0,"_bbp_reply_count_hidden":0,"_bbp_forum_subforum_count":0,"footnotes":""},"categories":[7,29],"tags":[],"class_list":["post-5693","post","type-post","status-publish","format-standard","has-post-thumbnail","hentry","category-eso-4","category-portada"],"post_mailing_queue_ids":[],"_links":{"self":[{"href":"https:\/\/agora.xtec.cat\/iesguinovarda\/wp-json\/wp\/v2\/posts\/5693","targetHints":{"allow":["GET"]}}],"collection":[{"href":"https:\/\/agora.xtec.cat\/iesguinovarda\/wp-json\/wp\/v2\/posts"}],"about":[{"href":"https:\/\/agora.xtec.cat\/iesguinovarda\/wp-json\/wp\/v2\/types\/post"}],"author":[{"embeddable":true,"href":"https:\/\/agora.xtec.cat\/iesguinovarda\/wp-json\/wp\/v2\/users\/5"}],"replies":[{"embeddable":true,"href":"https:\/\/agora.xtec.cat\/iesguinovarda\/wp-json\/wp\/v2\/comments?post=5693"}],"version-history":[{"count":1,"href":"https:\/\/agora.xtec.cat\/iesguinovarda\/wp-json\/wp\/v2\/posts\/5693\/revisions"}],"predecessor-version":[{"id":5695,"href":"https:\/\/agora.xtec.cat\/iesguinovarda\/wp-json\/wp\/v2\/posts\/5693\/revisions\/5695"}],"wp:featuredmedia":[{"embeddable":true,"href":"https:\/\/agora.xtec.cat\/iesguinovarda\/wp-json\/wp\/v2\/media\/5694"}],"wp:attachment":[{"href":"https:\/\/agora.xtec.cat\/iesguinovarda\/wp-json\/wp\/v2\/media?parent=5693"}],"wp:term":[{"taxonomy":"category","embeddable":true,"href":"https:\/\/agora.xtec.cat\/iesguinovarda\/wp-json\/wp\/v2\/categories?post=5693"},{"taxonomy":"post_tag","embeddable":true,"href":"https:\/\/agora.xtec.cat\/iesguinovarda\/wp-json\/wp\/v2\/tags?post=5693"}],"curies":[{"name":"wp","href":"https:\/\/api.w.org\/{rel}","templated":true}]}}