{"id":5681,"date":"2025-04-19T09:09:30","date_gmt":"2025-04-19T07:09:30","guid":{"rendered":"https:\/\/agora.xtec.cat\/iesguinovarda\/?p=5681"},"modified":"2025-04-19T09:09:30","modified_gmt":"2025-04-19T07:09:30","slug":"missio-aula-externa","status":"publish","type":"post","link":"https:\/\/agora.xtec.cat\/iesguinovarda\/portada\/missio-aula-externa\/","title":{"rendered":"MISSI\u00d3 AULA EXTERNA!"},"content":{"rendered":"<p>Els alumnes del PFI de Vivers i Jardins han estat molt actius aquest curs i han dut a terme diversos projectes. Un dels m\u00e9s destacats ha estat el manteniment de l\u2019aula externa, on han realitzat les seg\u00fcents actuacions:<br \/>\n    \u2022 Esbrossada i neteja de tot l\u2019espai verd.<br \/>\n    \u2022 Renovaci\u00f3 de la malla antiherbes de la zona habilitada per fer classe.<br \/>\n    \u2022 Incorporaci\u00f3 de dos big bags de pedres per crear un espai m\u00e9s c\u00f2mode.<br \/>\n    \u2022 Plantaci\u00f3 de quatre noves esp\u00e8cies al marge esquerre (<em>Polygala<\/em>, cirerer d\u2019arbo\u00e7 i adelfa).<br \/>\n    \u2022 Creaci\u00f3 d\u2019una tanca de fit\u00f2nies al marge dret.<br \/>\n    \u2022 Pintura d\u2019una pissarra a la paret.<br \/>\nAra que arriba el bon temps i m\u00e9s hores de sol, aquest espai, que han cuidat amb molta dedicaci\u00f3, sigui \u00fatil i agradable per a tota la comunitat educativa.<\/p>\n<p><a data-flickr-embed=\"true\" href=\"https:\/\/www.flickr.com\/photos\/insguinovarda\/albums\/72177720325201254\" title=\"Projecte Aula Externa (PFI)\"><img loading=\"lazy\" decoding=\"async\" src=\"https:\/\/live.staticflickr.com\/65535\/54461775575_6fee27bb71_z.jpg\" width=\"640\" height=\"480\" alt=\"Projecte Aula Externa (PFI)\"\/><\/a><script async src=\"\/\/embedr.flickr.com\/assets\/client-code.js\" charset=\"utf-8\"><\/script><\/p>\n","protected":false},"excerpt":{"rendered":"<p>Els alumnes del PFI de Vivers i Jardins han estat molt actius aquest curs i han dut a terme diversos projectes. Un dels m\u00e9s destacats ha estat el manteniment de l\u2019aula externa, on han realitzat les seg\u00fcents actuacions:<br \/>\n    \u2022 Esbrossada i neteja&hellip;  <a href=\"https:\/\/agora.xtec.cat\/iesguinovarda\/portada\/missio-aula-externa\/\" title=\"Read MISSI\u00d3 AULA EXTERNA!\">Llegeix m\u00e9s\u00bb<\/a><\/p>\n","protected":false},"author":5,"featured_media":5682,"comment_status":"closed","ping_status":"closed","sticky":false,"template":"","format":"standard","meta":{"_bbp_topic_count":0,"_bbp_reply_count":0,"_bbp_total_topic_count":0,"_bbp_total_reply_count":0,"_bbp_voice_count":0,"_bbp_anonymous_reply_count":0,"_bbp_topic_count_hidden":0,"_bbp_reply_count_hidden":0,"_bbp_forum_subforum_count":0,"footnotes":""},"categories":[132,29],"tags":[],"class_list":["post-5681","post","type-post","status-publish","format-standard","has-post-thumbnail","hentry","category-pfi-cicles-formatius","category-portada"],"post_mailing_queue_ids":[],"_links":{"self":[{"href":"https:\/\/agora.xtec.cat\/iesguinovarda\/wp-json\/wp\/v2\/posts\/5681","targetHints":{"allow":["GET"]}}],"collection":[{"href":"https:\/\/agora.xtec.cat\/iesguinovarda\/wp-json\/wp\/v2\/posts"}],"about":[{"href":"https:\/\/agora.xtec.cat\/iesguinovarda\/wp-json\/wp\/v2\/types\/post"}],"author":[{"embeddable":true,"href":"https:\/\/agora.xtec.cat\/iesguinovarda\/wp-json\/wp\/v2\/users\/5"}],"replies":[{"embeddable":true,"href":"https:\/\/agora.xtec.cat\/iesguinovarda\/wp-json\/wp\/v2\/comments?post=5681"}],"version-history":[{"count":1,"href":"https:\/\/agora.xtec.cat\/iesguinovarda\/wp-json\/wp\/v2\/posts\/5681\/revisions"}],"predecessor-version":[{"id":5683,"href":"https:\/\/agora.xtec.cat\/iesguinovarda\/wp-json\/wp\/v2\/posts\/5681\/revisions\/5683"}],"wp:featuredmedia":[{"embeddable":true,"href":"https:\/\/agora.xtec.cat\/iesguinovarda\/wp-json\/wp\/v2\/media\/5682"}],"wp:attachment":[{"href":"https:\/\/agora.xtec.cat\/iesguinovarda\/wp-json\/wp\/v2\/media?parent=5681"}],"wp:term":[{"taxonomy":"category","embeddable":true,"href":"https:\/\/agora.xtec.cat\/iesguinovarda\/wp-json\/wp\/v2\/categories?post=5681"},{"taxonomy":"post_tag","embeddable":true,"href":"https:\/\/agora.xtec.cat\/iesguinovarda\/wp-json\/wp\/v2\/tags?post=5681"}],"curies":[{"name":"wp","href":"https:\/\/api.w.org\/{rel}","templated":true}]}}