{"id":5677,"date":"2025-04-19T08:49:18","date_gmt":"2025-04-19T06:49:18","guid":{"rendered":"https:\/\/agora.xtec.cat\/iesguinovarda\/?p=5677"},"modified":"2025-04-19T08:50:42","modified_gmt":"2025-04-19T06:50:42","slug":"clar-i-catala","status":"publish","type":"post","link":"https:\/\/agora.xtec.cat\/iesguinovarda\/eso\/eso-1\/clar-i-catala\/","title":{"rendered":"CLAR I CATAL\u00c0"},"content":{"rendered":"<p>CLAR I CATAL\u00c0<\/p>\n<p>Des de la Comissi\u00f3 LIC (Llengua, Interculturalitat i Cohesi\u00f3 social) volem compartir amb vosaltres el projecte anomenat \u00abClar i Catal\u00e0\u00bb que s\u2019est\u00e0 duent a terme al nostre institut.<\/p>\n<p>L\u2019objectiu d\u2019aquest projecte \u00e9s donar a con\u00e8ixer i, d\u2019alguna manera, recuperar els nostres refranys i algunes dites per fomentar l\u2019\u00fas de la llengua catalana i mantenir la nostra her\u00e8ncia cultural. Els refranys formen part de la cultura i de la saviesa popular transmesa de generaci\u00f3 en generaci\u00f3 i, per aquesta ra\u00f3, \u00e9s important posar-los en valor, entendre\u2019ls i conservar-los.<\/p>\n<p>Amb aquest objectiu, la Comissi\u00f3 LIC fa una tria de refranys i dites de manera mensual i els posa a l\u2019abast dels alumnes de 1r d\u2019ESO a trav\u00e9s dels seus tutors. Despr\u00e9s, aquests estudiants preparen r\u00e8tols decoratius dins de l\u2019\u00e0mbit de la seva tutoria i els pengen als passadissos del centre per compartir-los amb tothom.<\/p>\n<p>Esperem que us agradi aquest petit projecte que engresca els alumnes a con\u00e8ixer el seu entorn!<br \/>\n<a data-flickr-embed=\"true\" href=\"https:\/\/www.flickr.com\/photos\/insguinovarda\/albums\/72177720325201054\" title=\"Projecte Clar i Catal\u00e0 (1ESO)\"><img loading=\"lazy\" decoding=\"async\" src=\"https:\/\/live.staticflickr.com\/65535\/54460542502_fd1e23d4a5.jpg\" width=\"640\" height=\"480\" alt=\"Projecte Clar i Catal\u00e0 (1ESO)\"\/><\/a><script async src=\"\/\/embedr.flickr.com\/assets\/client-code.js\" charset=\"utf-8\"><\/script><\/p>\n","protected":false},"excerpt":{"rendered":"<p>CLAR I CATAL\u00c0<br \/>\nDes de la Comissi\u00f3 LIC (Llengua, Interculturalitat i Cohesi\u00f3 social) volem compartir amb vosaltres el projecte anomenat \u00abClar i Catal\u00e0\u00bb que s\u2019est\u00e0 duent a terme al nostre institut.<br \/>\nL\u2019objectiu d\u2019aquest projecte \u00e9s donar a con\u00e8ixer i, d\u2019alguna manera, recuperar els nostres refranys i algunes&hellip;  <a href=\"https:\/\/agora.xtec.cat\/iesguinovarda\/eso\/eso-1\/clar-i-catala\/\" title=\"Read CLAR I CATAL\u00c0\">Llegeix m\u00e9s\u00bb<\/a><\/p>\n","protected":false},"author":5,"featured_media":5678,"comment_status":"closed","ping_status":"closed","sticky":false,"template":"","format":"standard","meta":{"_bbp_topic_count":0,"_bbp_reply_count":0,"_bbp_total_topic_count":0,"_bbp_total_reply_count":0,"_bbp_voice_count":0,"_bbp_anonymous_reply_count":0,"_bbp_topic_count_hidden":0,"_bbp_reply_count_hidden":0,"_bbp_forum_subforum_count":0,"footnotes":""},"categories":[4,29],"tags":[],"class_list":["post-5677","post","type-post","status-publish","format-standard","has-post-thumbnail","hentry","category-eso-1","category-portada"],"post_mailing_queue_ids":[],"_links":{"self":[{"href":"https:\/\/agora.xtec.cat\/iesguinovarda\/wp-json\/wp\/v2\/posts\/5677","targetHints":{"allow":["GET"]}}],"collection":[{"href":"https:\/\/agora.xtec.cat\/iesguinovarda\/wp-json\/wp\/v2\/posts"}],"about":[{"href":"https:\/\/agora.xtec.cat\/iesguinovarda\/wp-json\/wp\/v2\/types\/post"}],"author":[{"embeddable":true,"href":"https:\/\/agora.xtec.cat\/iesguinovarda\/wp-json\/wp\/v2\/users\/5"}],"replies":[{"embeddable":true,"href":"https:\/\/agora.xtec.cat\/iesguinovarda\/wp-json\/wp\/v2\/comments?post=5677"}],"version-history":[{"count":2,"href":"https:\/\/agora.xtec.cat\/iesguinovarda\/wp-json\/wp\/v2\/posts\/5677\/revisions"}],"predecessor-version":[{"id":5680,"href":"https:\/\/agora.xtec.cat\/iesguinovarda\/wp-json\/wp\/v2\/posts\/5677\/revisions\/5680"}],"wp:featuredmedia":[{"embeddable":true,"href":"https:\/\/agora.xtec.cat\/iesguinovarda\/wp-json\/wp\/v2\/media\/5678"}],"wp:attachment":[{"href":"https:\/\/agora.xtec.cat\/iesguinovarda\/wp-json\/wp\/v2\/media?parent=5677"}],"wp:term":[{"taxonomy":"category","embeddable":true,"href":"https:\/\/agora.xtec.cat\/iesguinovarda\/wp-json\/wp\/v2\/categories?post=5677"},{"taxonomy":"post_tag","embeddable":true,"href":"https:\/\/agora.xtec.cat\/iesguinovarda\/wp-json\/wp\/v2\/tags?post=5677"}],"curies":[{"name":"wp","href":"https:\/\/api.w.org\/{rel}","templated":true}]}}