{"id":5671,"date":"2025-04-17T19:32:39","date_gmt":"2025-04-17T17:32:39","guid":{"rendered":"https:\/\/agora.xtec.cat\/iesguinovarda\/?p=5671"},"modified":"2025-04-17T19:32:39","modified_gmt":"2025-04-17T17:32:39","slug":"una-nova-empenta-al-projecte-esports","status":"publish","type":"post","link":"https:\/\/agora.xtec.cat\/iesguinovarda\/portada\/una-nova-empenta-al-projecte-esports\/","title":{"rendered":"UNA NOVA EMPENTA AL PROJECTE ESPORTS"},"content":{"rendered":"<p>Els alumnes del PFI van participat en les Jornades del Projecte Esports, una trobada que va reunir tots els PFI de la comarca de l\u2019Anoia. La jornada va comen\u00e7ar amb dues xerrades inspiradores a c\u00e0rrec de figures destacades del m\u00f3n esportiu: Anselm Pasquina, exfutbolista professional i entrenador personal, i \u00c0lex Haro, copilot del ral\u00b7li Dakar,  que van compartir les seves experi\u00e8ncies i traject\u00f2ries personals vinculades a l\u2019esport.<br \/>\nDespr\u00e9s de les pon\u00e8ncies, es va oferir un esmorzar per a tots els participants. A continuaci\u00f3, els alumnes del cicle formatiu d\u2019esports de l\u2019Institut Mil\u00e0 i Fontanals van  dinamitzar diverses proves d\u2019atletisme, que es van dur a terme al Centre d\u2019Atletisme Municipal d\u2019Igualada.<br \/>\nLa jornada va ser una oportunitat per fomentar els valors de l\u2019esport, la conviv\u00e8ncia i el treball en equip entre els joves dels diferents centres.<\/p>\n<p><a data-flickr-embed=\"true\" href=\"https:\/\/www.flickr.com\/photos\/insguinovarda\/albums\/72177720325168038\" title=\"Projecte Esports abr. 25 (PFI)\"><img loading=\"lazy\" decoding=\"async\" src=\"https:\/\/live.staticflickr.com\/65535\/54458591179_38516ab656_z.jpg\" width=\"640\" height=\"480\" alt=\"Projecte Esports abr. 25 (PFI)\"\/><\/a><script async src=\"\/\/embedr.flickr.com\/assets\/client-code.js\" charset=\"utf-8\"><\/script><\/p>\n","protected":false},"excerpt":{"rendered":"<p>Els alumnes del PFI van participat en les Jornades del Projecte Esports, una trobada que va reunir tots els PFI de la comarca de l\u2019Anoia. La jornada va comen\u00e7ar amb dues xerrades inspiradores a c\u00e0rrec de figures destacades del m\u00f3n esportiu: Anselm Pasquina, exfutbolista professional&hellip;  <a href=\"https:\/\/agora.xtec.cat\/iesguinovarda\/portada\/una-nova-empenta-al-projecte-esports\/\" title=\"Read UNA NOVA EMPENTA AL PROJECTE ESPORTS\">Llegeix m\u00e9s\u00bb<\/a><\/p>\n","protected":false},"author":5,"featured_media":5672,"comment_status":"closed","ping_status":"closed","sticky":false,"template":"","format":"standard","meta":{"_bbp_topic_count":0,"_bbp_reply_count":0,"_bbp_total_topic_count":0,"_bbp_total_reply_count":0,"_bbp_voice_count":0,"_bbp_anonymous_reply_count":0,"_bbp_topic_count_hidden":0,"_bbp_reply_count_hidden":0,"_bbp_forum_subforum_count":0,"footnotes":""},"categories":[119,29],"tags":[],"class_list":["post-5671","post","type-post","status-publish","format-standard","has-post-thumbnail","hentry","category-pfi","category-portada"],"post_mailing_queue_ids":[],"_links":{"self":[{"href":"https:\/\/agora.xtec.cat\/iesguinovarda\/wp-json\/wp\/v2\/posts\/5671","targetHints":{"allow":["GET"]}}],"collection":[{"href":"https:\/\/agora.xtec.cat\/iesguinovarda\/wp-json\/wp\/v2\/posts"}],"about":[{"href":"https:\/\/agora.xtec.cat\/iesguinovarda\/wp-json\/wp\/v2\/types\/post"}],"author":[{"embeddable":true,"href":"https:\/\/agora.xtec.cat\/iesguinovarda\/wp-json\/wp\/v2\/users\/5"}],"replies":[{"embeddable":true,"href":"https:\/\/agora.xtec.cat\/iesguinovarda\/wp-json\/wp\/v2\/comments?post=5671"}],"version-history":[{"count":1,"href":"https:\/\/agora.xtec.cat\/iesguinovarda\/wp-json\/wp\/v2\/posts\/5671\/revisions"}],"predecessor-version":[{"id":5673,"href":"https:\/\/agora.xtec.cat\/iesguinovarda\/wp-json\/wp\/v2\/posts\/5671\/revisions\/5673"}],"wp:featuredmedia":[{"embeddable":true,"href":"https:\/\/agora.xtec.cat\/iesguinovarda\/wp-json\/wp\/v2\/media\/5672"}],"wp:attachment":[{"href":"https:\/\/agora.xtec.cat\/iesguinovarda\/wp-json\/wp\/v2\/media?parent=5671"}],"wp:term":[{"taxonomy":"category","embeddable":true,"href":"https:\/\/agora.xtec.cat\/iesguinovarda\/wp-json\/wp\/v2\/categories?post=5671"},{"taxonomy":"post_tag","embeddable":true,"href":"https:\/\/agora.xtec.cat\/iesguinovarda\/wp-json\/wp\/v2\/tags?post=5671"}],"curies":[{"name":"wp","href":"https:\/\/api.w.org\/{rel}","templated":true}]}}