{"id":5662,"date":"2025-04-14T16:31:42","date_gmt":"2025-04-14T14:31:42","guid":{"rendered":"https:\/\/agora.xtec.cat\/iesguinovarda\/?p=5662"},"modified":"2025-04-14T16:31:42","modified_gmt":"2025-04-14T14:31:42","slug":"una-caminada-per-les-flandes","status":"publish","type":"post","link":"https:\/\/agora.xtec.cat\/iesguinovarda\/eso\/eso-3\/una-caminada-per-les-flandes\/","title":{"rendered":"UNA CAMINADA PER LES FLANDES"},"content":{"rendered":"<p>L\u2019alumnat de 3r d\u2019ESO va fer una sortida a peu des de l\u2019Institut Guinovarda fins a Les Flandes de Piera. L\u2019objectiu de la jornada va ser con\u00e8ixer millor el nostre entorn natural a trav\u00e9s de dues activitats de treball de camp.<\/p>\n<p>D\u2019una banda, van practicar el dibuix a la natura, observant i plasmant flors, herbes i arbres que formen part del paisatge. De l\u2019altra, van realitzar pr\u00e0ctiques de geologia per entendre la hist\u00f2ria geol\u00f2gica de Les Flandes, identificant les seves roques i descobrint l\u2019origen dels seus s\u00f2ls.<\/p>\n<p>Va ser una aventura en plena natura que els va permetre aprendre d\u2019una manera diferent, gaudint del mat\u00ed a l\u2019aire lliure i valorant la riquesa de l&#8217;entorn que els envolta.<\/p>\n<p><a data-flickr-embed=\"true\" href=\"https:\/\/www.flickr.com\/photos\/insguinovarda\/albums\/72177720325074567\" title=\"Les Flandes abr. 25 (3ESO)\"><img loading=\"lazy\" decoding=\"async\" src=\"https:\/\/live.staticflickr.com\/65535\/54451349116_4d20e02bba.jpg\" width=\"640\" height=\"480\" alt=\"Les Flandes abr. 25 (3ESO)\"\/><\/a><script async src=\"\/\/embedr.flickr.com\/assets\/client-code.js\" charset=\"utf-8\"><\/script><\/p>\n","protected":false},"excerpt":{"rendered":"<p>L\u2019alumnat de 3r d\u2019ESO va fer una sortida a peu des de l\u2019Institut Guinovarda fins a Les Flandes de Piera. L\u2019objectiu de la jornada va ser con\u00e8ixer millor el nostre entorn natural a trav\u00e9s de dues activitats de treball de camp.<br \/>\nD\u2019una banda, van practicar el&hellip;  <a href=\"https:\/\/agora.xtec.cat\/iesguinovarda\/eso\/eso-3\/una-caminada-per-les-flandes\/\" title=\"Read UNA CAMINADA PER LES FLANDES\">Llegeix m\u00e9s\u00bb<\/a><\/p>\n","protected":false},"author":5,"featured_media":5663,"comment_status":"closed","ping_status":"closed","sticky":false,"template":"","format":"standard","meta":{"_bbp_topic_count":0,"_bbp_reply_count":0,"_bbp_total_topic_count":0,"_bbp_total_reply_count":0,"_bbp_voice_count":0,"_bbp_anonymous_reply_count":0,"_bbp_topic_count_hidden":0,"_bbp_reply_count_hidden":0,"_bbp_forum_subforum_count":0,"footnotes":""},"categories":[6,29],"tags":[],"class_list":["post-5662","post","type-post","status-publish","format-standard","has-post-thumbnail","hentry","category-eso-3","category-portada"],"post_mailing_queue_ids":[],"_links":{"self":[{"href":"https:\/\/agora.xtec.cat\/iesguinovarda\/wp-json\/wp\/v2\/posts\/5662","targetHints":{"allow":["GET"]}}],"collection":[{"href":"https:\/\/agora.xtec.cat\/iesguinovarda\/wp-json\/wp\/v2\/posts"}],"about":[{"href":"https:\/\/agora.xtec.cat\/iesguinovarda\/wp-json\/wp\/v2\/types\/post"}],"author":[{"embeddable":true,"href":"https:\/\/agora.xtec.cat\/iesguinovarda\/wp-json\/wp\/v2\/users\/5"}],"replies":[{"embeddable":true,"href":"https:\/\/agora.xtec.cat\/iesguinovarda\/wp-json\/wp\/v2\/comments?post=5662"}],"version-history":[{"count":1,"href":"https:\/\/agora.xtec.cat\/iesguinovarda\/wp-json\/wp\/v2\/posts\/5662\/revisions"}],"predecessor-version":[{"id":5664,"href":"https:\/\/agora.xtec.cat\/iesguinovarda\/wp-json\/wp\/v2\/posts\/5662\/revisions\/5664"}],"wp:featuredmedia":[{"embeddable":true,"href":"https:\/\/agora.xtec.cat\/iesguinovarda\/wp-json\/wp\/v2\/media\/5663"}],"wp:attachment":[{"href":"https:\/\/agora.xtec.cat\/iesguinovarda\/wp-json\/wp\/v2\/media?parent=5662"}],"wp:term":[{"taxonomy":"category","embeddable":true,"href":"https:\/\/agora.xtec.cat\/iesguinovarda\/wp-json\/wp\/v2\/categories?post=5662"},{"taxonomy":"post_tag","embeddable":true,"href":"https:\/\/agora.xtec.cat\/iesguinovarda\/wp-json\/wp\/v2\/tags?post=5662"}],"curies":[{"name":"wp","href":"https:\/\/api.w.org\/{rel}","templated":true}]}}