{"id":5652,"date":"2025-04-12T07:37:19","date_gmt":"2025-04-12T05:37:19","guid":{"rendered":"https:\/\/agora.xtec.cat\/iesguinovarda\/?p=5652"},"modified":"2025-04-12T07:37:19","modified_gmt":"2025-04-12T05:37:19","slug":"els-cicles-formatius-de-grau-superior","status":"publish","type":"post","link":"https:\/\/agora.xtec.cat\/iesguinovarda\/portada\/els-cicles-formatius-de-grau-superior\/","title":{"rendered":"ELS CICLES FORMATIUS DE GRAU SUPERIOR"},"content":{"rendered":"<p>L\u2019alumnat de 2n dels cicles de grau mitj\u00e0 de TAPSD i SMX assistiren a una xerrada d\u2019orientaci\u00f3 acad\u00e8mica sobre els Cicles Formatius de Grau Superior (CFGS).<br \/>\nLes alumnes i els alumnes van tenir l\u2019oportunitat de con\u00e8ixer qu\u00e8 s\u00f3n els CFGS (acc\u00e9s, fam\u00edlies professionals, titulacions&#8230;) i de rebre l\u2019orientaci\u00f3 necess\u00e0ria per triar el cicle superior que m\u00e9s els conv\u00e9 segons els seus interessos professionals, expectatives de futur, motivacions,&#8230;<br \/>\nEls objectius d\u2019aquesta xerrada va ser orientar-los en la tria dels estudis que realitzaran despr\u00e9s de finalitzar la seva formaci\u00f3 en el cicle mitj\u00e0, resoldre dubtes que es puguin presentar i que siguin conscients que ser\u00e0 una formaci\u00f3 preparat\u00f2ria per als estudis superiors.<\/p>\n<p><a data-flickr-embed=\"true\" href=\"https:\/\/www.flickr.com\/photos\/insguinovarda\/albums\/72177720325025820\" title=\"Xerrada els CFGS mar\u00e7 25  (2TAPSD, 2SMX)\"><img loading=\"lazy\" decoding=\"async\" src=\"https:\/\/live.staticflickr.com\/65535\/54446170536_ff029235f8_z.jpg\" width=\"640\" height=\"480\" alt=\"Xerrada els CFGS mar\u00e7 25  (2TAPSD, 2SMX)\"\/><\/a><script async src=\"\/\/embedr.flickr.com\/assets\/client-code.js\" charset=\"utf-8\"><\/script><\/p>\n","protected":false},"excerpt":{"rendered":"<p>L\u2019alumnat de 2n dels cicles de grau mitj\u00e0 de TAPSD i SMX assistiren a una xerrada d\u2019orientaci\u00f3 acad\u00e8mica sobre els Cicles Formatius de Grau Superior (CFGS).<br \/>\nLes alumnes i els alumnes van tenir l\u2019oportunitat de con\u00e8ixer qu\u00e8 s\u00f3n els CFGS (acc\u00e9s, fam\u00edlies professionals, titulacions&#8230;) i de&hellip;  <a href=\"https:\/\/agora.xtec.cat\/iesguinovarda\/portada\/els-cicles-formatius-de-grau-superior\/\" title=\"Read ELS CICLES FORMATIUS DE GRAU SUPERIOR\">Llegeix m\u00e9s\u00bb<\/a><\/p>\n","protected":false},"author":5,"featured_media":5653,"comment_status":"closed","ping_status":"closed","sticky":false,"template":"","format":"standard","meta":{"_bbp_topic_count":0,"_bbp_reply_count":0,"_bbp_total_topic_count":0,"_bbp_total_reply_count":0,"_bbp_voice_count":0,"_bbp_anonymous_reply_count":0,"_bbp_topic_count_hidden":0,"_bbp_reply_count_hidden":0,"_bbp_forum_subforum_count":0,"footnotes":""},"categories":[29,113,111],"tags":[],"class_list":["post-5652","post","type-post","status-publish","format-standard","has-post-thumbnail","hentry","category-portada","category-smx-2","category-tapsd-2"],"post_mailing_queue_ids":[],"_links":{"self":[{"href":"https:\/\/agora.xtec.cat\/iesguinovarda\/wp-json\/wp\/v2\/posts\/5652","targetHints":{"allow":["GET"]}}],"collection":[{"href":"https:\/\/agora.xtec.cat\/iesguinovarda\/wp-json\/wp\/v2\/posts"}],"about":[{"href":"https:\/\/agora.xtec.cat\/iesguinovarda\/wp-json\/wp\/v2\/types\/post"}],"author":[{"embeddable":true,"href":"https:\/\/agora.xtec.cat\/iesguinovarda\/wp-json\/wp\/v2\/users\/5"}],"replies":[{"embeddable":true,"href":"https:\/\/agora.xtec.cat\/iesguinovarda\/wp-json\/wp\/v2\/comments?post=5652"}],"version-history":[{"count":1,"href":"https:\/\/agora.xtec.cat\/iesguinovarda\/wp-json\/wp\/v2\/posts\/5652\/revisions"}],"predecessor-version":[{"id":5654,"href":"https:\/\/agora.xtec.cat\/iesguinovarda\/wp-json\/wp\/v2\/posts\/5652\/revisions\/5654"}],"wp:featuredmedia":[{"embeddable":true,"href":"https:\/\/agora.xtec.cat\/iesguinovarda\/wp-json\/wp\/v2\/media\/5653"}],"wp:attachment":[{"href":"https:\/\/agora.xtec.cat\/iesguinovarda\/wp-json\/wp\/v2\/media?parent=5652"}],"wp:term":[{"taxonomy":"category","embeddable":true,"href":"https:\/\/agora.xtec.cat\/iesguinovarda\/wp-json\/wp\/v2\/categories?post=5652"},{"taxonomy":"post_tag","embeddable":true,"href":"https:\/\/agora.xtec.cat\/iesguinovarda\/wp-json\/wp\/v2\/tags?post=5652"}],"curies":[{"name":"wp","href":"https:\/\/api.w.org\/{rel}","templated":true}]}}