{"id":5649,"date":"2025-04-08T09:06:26","date_gmt":"2025-04-08T07:06:26","guid":{"rendered":"https:\/\/agora.xtec.cat\/iesguinovarda\/?p=5649"},"modified":"2025-04-08T09:06:26","modified_gmt":"2025-04-08T07:06:26","slug":"un-bon-curriculum-es-necessari","status":"publish","type":"post","link":"https:\/\/agora.xtec.cat\/iesguinovarda\/portada\/un-bon-curriculum-es-necessari\/","title":{"rendered":"UN BON CURR\u00cdCULUM \u00c9S NECESSARI!"},"content":{"rendered":"<p>En relaci\u00f3 a l\u2019orientaci\u00f3 laboral, l\u2019alumnat del PFI van assistir al taller El meu primer curr\u00edculum.  s\u2019han ofert un total de 18 tallers a diferents instituts de la comarca. Anoia Jove els va oferir una experi\u00e8ncia pr\u00e0ctica i din\u00e0mica per aprendre a elaborar un curr\u00edculum atractiu i adaptat a les necessitats del mercat laboral actual. <\/p>\n<p><a data-flickr-embed=\"true\" href=\"https:\/\/www.flickr.com\/photos\/insguinovarda\/albums\/72177720324943647\" title=\"El meu primer curr\u00edculum mar\u00e7 25 (PFI)\"><img loading=\"lazy\" decoding=\"async\" src=\"https:\/\/live.staticflickr.com\/65535\/54438319924_52701ccd48_z.jpg\" width=\"640\" height=\"480\" alt=\"El meu primer curr\u00edculum mar\u00e7 25 (PFI)\"\/><\/a><script async src=\"\/\/embedr.flickr.com\/assets\/client-code.js\" charset=\"utf-8\"><\/script><\/p>\n","protected":false},"excerpt":{"rendered":"<p>En relaci\u00f3 a l\u2019orientaci\u00f3 laboral, l\u2019alumnat del PFI van assistir al taller El meu primer curr\u00edculum.  s\u2019han ofert un total de 18 tallers a diferents instituts de la comarca. Anoia Jove els va oferir una experi\u00e8ncia pr\u00e0ctica i din\u00e0mica per aprendre a elaborar un&hellip;  <a href=\"https:\/\/agora.xtec.cat\/iesguinovarda\/portada\/un-bon-curriculum-es-necessari\/\" title=\"Read UN BON CURR\u00cdCULUM \u00c9S NECESSARI!\">Llegeix m\u00e9s\u00bb<\/a><\/p>\n","protected":false},"author":5,"featured_media":5650,"comment_status":"closed","ping_status":"closed","sticky":false,"template":"","format":"standard","meta":{"_bbp_topic_count":0,"_bbp_reply_count":0,"_bbp_total_topic_count":0,"_bbp_total_reply_count":0,"_bbp_voice_count":0,"_bbp_anonymous_reply_count":0,"_bbp_topic_count_hidden":0,"_bbp_reply_count_hidden":0,"_bbp_forum_subforum_count":0,"footnotes":""},"categories":[132,29],"tags":[],"class_list":["post-5649","post","type-post","status-publish","format-standard","has-post-thumbnail","hentry","category-pfi-cicles-formatius","category-portada"],"post_mailing_queue_ids":[],"_links":{"self":[{"href":"https:\/\/agora.xtec.cat\/iesguinovarda\/wp-json\/wp\/v2\/posts\/5649","targetHints":{"allow":["GET"]}}],"collection":[{"href":"https:\/\/agora.xtec.cat\/iesguinovarda\/wp-json\/wp\/v2\/posts"}],"about":[{"href":"https:\/\/agora.xtec.cat\/iesguinovarda\/wp-json\/wp\/v2\/types\/post"}],"author":[{"embeddable":true,"href":"https:\/\/agora.xtec.cat\/iesguinovarda\/wp-json\/wp\/v2\/users\/5"}],"replies":[{"embeddable":true,"href":"https:\/\/agora.xtec.cat\/iesguinovarda\/wp-json\/wp\/v2\/comments?post=5649"}],"version-history":[{"count":1,"href":"https:\/\/agora.xtec.cat\/iesguinovarda\/wp-json\/wp\/v2\/posts\/5649\/revisions"}],"predecessor-version":[{"id":5651,"href":"https:\/\/agora.xtec.cat\/iesguinovarda\/wp-json\/wp\/v2\/posts\/5649\/revisions\/5651"}],"wp:featuredmedia":[{"embeddable":true,"href":"https:\/\/agora.xtec.cat\/iesguinovarda\/wp-json\/wp\/v2\/media\/5650"}],"wp:attachment":[{"href":"https:\/\/agora.xtec.cat\/iesguinovarda\/wp-json\/wp\/v2\/media?parent=5649"}],"wp:term":[{"taxonomy":"category","embeddable":true,"href":"https:\/\/agora.xtec.cat\/iesguinovarda\/wp-json\/wp\/v2\/categories?post=5649"},{"taxonomy":"post_tag","embeddable":true,"href":"https:\/\/agora.xtec.cat\/iesguinovarda\/wp-json\/wp\/v2\/tags?post=5649"}],"curies":[{"name":"wp","href":"https:\/\/api.w.org\/{rel}","templated":true}]}}