{"id":5516,"date":"2025-03-16T19:11:07","date_gmt":"2025-03-16T18:11:07","guid":{"rendered":"https:\/\/agora.xtec.cat\/iesguinovarda\/?p=5516"},"modified":"2025-03-16T19:11:07","modified_gmt":"2025-03-16T18:11:07","slug":"els-jardins-de-montjuic","status":"publish","type":"post","link":"https:\/\/agora.xtec.cat\/iesguinovarda\/portada\/els-jardins-de-montjuic\/","title":{"rendered":"ELS JARDINS DE MONTJU\u00cfC"},"content":{"rendered":"<p>Els alumnes del PFI Auxiliar de Vivers i Jardins van anar a Barcelona i van visitar Montju\u00efc. Durant aquesta sortida, van dur a terme diferents activitats pr\u00e0ctiques per con\u00e8ixer de m\u00e9s a prop els jardins, la diversitat d\u2019esp\u00e8cies que s\u2019hi poden trobar i com s\u2019adapten al clima.<\/p>\n<p><a data-flickr-embed=\"true\" href=\"https:\/\/www.flickr.com\/photos\/insguinovarda\/albums\/72177720324451772\" title=\"Jardins Montju\u00efc mar\u00e7 25 (PFI Vivers i Jardins)\"><img loading=\"lazy\" decoding=\"async\" src=\"https:\/\/live.staticflickr.com\/65535\/54390736736_3cec77e7dc_z.jpg\" width=\"640\" height=\"480\" alt=\"Jardins Montju\u00efc mar\u00e7 25 (PFI Vivers i Jardins)\"\/><\/a><script async src=\"\/\/embedr.flickr.com\/assets\/client-code.js\" charset=\"utf-8\"><\/script><\/p>\n","protected":false},"excerpt":{"rendered":"<p>Els alumnes del PFI Auxiliar de Vivers i Jardins van anar a Barcelona i van visitar Montju\u00efc. Durant aquesta sortida, van dur a terme diferents activitats pr\u00e0ctiques per con\u00e8ixer de m\u00e9s a prop els jardins, la diversitat d\u2019esp\u00e8cies que s\u2019hi poden trobar i com s\u2019adapten&hellip;  <a href=\"https:\/\/agora.xtec.cat\/iesguinovarda\/portada\/els-jardins-de-montjuic\/\" title=\"Read ELS JARDINS DE MONTJU\u00cfC\">Llegeix m\u00e9s\u00bb<\/a><\/p>\n","protected":false},"author":5,"featured_media":5517,"comment_status":"closed","ping_status":"closed","sticky":false,"template":"","format":"standard","meta":{"_bbp_topic_count":0,"_bbp_reply_count":0,"_bbp_total_topic_count":0,"_bbp_total_reply_count":0,"_bbp_voice_count":0,"_bbp_anonymous_reply_count":0,"_bbp_topic_count_hidden":0,"_bbp_reply_count_hidden":0,"_bbp_forum_subforum_count":0,"footnotes":""},"categories":[119,29],"tags":[],"class_list":["post-5516","post","type-post","status-publish","format-standard","has-post-thumbnail","hentry","category-pfi","category-portada"],"post_mailing_queue_ids":[],"_links":{"self":[{"href":"https:\/\/agora.xtec.cat\/iesguinovarda\/wp-json\/wp\/v2\/posts\/5516","targetHints":{"allow":["GET"]}}],"collection":[{"href":"https:\/\/agora.xtec.cat\/iesguinovarda\/wp-json\/wp\/v2\/posts"}],"about":[{"href":"https:\/\/agora.xtec.cat\/iesguinovarda\/wp-json\/wp\/v2\/types\/post"}],"author":[{"embeddable":true,"href":"https:\/\/agora.xtec.cat\/iesguinovarda\/wp-json\/wp\/v2\/users\/5"}],"replies":[{"embeddable":true,"href":"https:\/\/agora.xtec.cat\/iesguinovarda\/wp-json\/wp\/v2\/comments?post=5516"}],"version-history":[{"count":1,"href":"https:\/\/agora.xtec.cat\/iesguinovarda\/wp-json\/wp\/v2\/posts\/5516\/revisions"}],"predecessor-version":[{"id":5518,"href":"https:\/\/agora.xtec.cat\/iesguinovarda\/wp-json\/wp\/v2\/posts\/5516\/revisions\/5518"}],"wp:featuredmedia":[{"embeddable":true,"href":"https:\/\/agora.xtec.cat\/iesguinovarda\/wp-json\/wp\/v2\/media\/5517"}],"wp:attachment":[{"href":"https:\/\/agora.xtec.cat\/iesguinovarda\/wp-json\/wp\/v2\/media?parent=5516"}],"wp:term":[{"taxonomy":"category","embeddable":true,"href":"https:\/\/agora.xtec.cat\/iesguinovarda\/wp-json\/wp\/v2\/categories?post=5516"},{"taxonomy":"post_tag","embeddable":true,"href":"https:\/\/agora.xtec.cat\/iesguinovarda\/wp-json\/wp\/v2\/tags?post=5516"}],"curies":[{"name":"wp","href":"https:\/\/api.w.org\/{rel}","templated":true}]}}