{"id":5513,"date":"2025-03-16T18:31:15","date_gmt":"2025-03-16T17:31:15","guid":{"rendered":"https:\/\/agora.xtec.cat\/iesguinovarda\/?p=5513"},"modified":"2025-03-16T18:32:11","modified_gmt":"2025-03-16T17:32:11","slug":"les-veles-sinflaran-el-vent-ens-portara","status":"publish","type":"post","link":"https:\/\/agora.xtec.cat\/iesguinovarda\/portada\/les-veles-sinflaran-el-vent-ens-portara\/","title":{"rendered":"LES VELES S\u2019INFLARAN, EL VENT ENS PORTAR\u00c0&#8230;"},"content":{"rendered":"<p>L\u2019alumnat de segon de Batxillerat va anar a veure el cl\u00e0ssic Mar i cel, l\u2019espectacle musical de Dagoll Dagom, basat en l\u2019obra de teatre d\u2019\u00c0ngel Guimer\u00e0, just l\u2019any en qu\u00e8 la companyia celebra el 50\u00e8 aniversari i deixa els escenaris. En acabar, tots els assistents van cantar l\u2019Himne dels pirates, acompanyats de l\u2019orquestra.<br \/>\nAbans de l\u2019espectacle, l\u2019alumnat va poder gaudir d\u2019una petita explicaci\u00f3 i guia per l\u2019exposici\u00f3 repartida pel vest\u00edbul i diversos espais del Teatre Vict\u00f2ria. Va ser una oportunitat \u00fanica per reviure les diferents produccions i veure tots els estils teatrals que Dagoll Dagom ha anat incorporant al llarg d\u2019aquests cinquanta anys.<\/p>\n<p><a data-flickr-embed=\"true\" href=\"https:\/\/www.flickr.com\/photos\/insguinovarda\/albums\/72177720324454651\" title=\"Teatre Mar i cel mar\u00e7-25 (2BATX)\"><img loading=\"lazy\" decoding=\"async\" src=\"https:\/\/live.staticflickr.com\/65535\/54389782647_3f2606c928_z.jpg\" width=\"640\" height=\"480\" alt=\"Teatre Mar i cel mar\u00e7-25 (2BATX)\"\/><\/a><script async src=\"\/\/embedr.flickr.com\/assets\/client-code.js\" charset=\"utf-8\"><\/script><\/p>\n","protected":false},"excerpt":{"rendered":"<p>L\u2019alumnat de segon de Batxillerat va anar a veure el cl\u00e0ssic Mar i cel, l\u2019espectacle musical de Dagoll Dagom, basat en l\u2019obra de teatre d\u2019\u00c0ngel Guimer\u00e0, just l\u2019any en qu\u00e8 la companyia celebra el 50\u00e8 aniversari i deixa els escenaris. En acabar, tots els assistents&hellip;  <a href=\"https:\/\/agora.xtec.cat\/iesguinovarda\/portada\/les-veles-sinflaran-el-vent-ens-portara\/\" title=\"Read LES VELES S\u2019INFLARAN, EL VENT ENS PORTAR\u00c0&#8230;\">Llegeix m\u00e9s\u00bb<\/a><\/p>\n","protected":false},"author":5,"featured_media":5514,"comment_status":"closed","ping_status":"closed","sticky":false,"template":"","format":"standard","meta":{"_bbp_topic_count":0,"_bbp_reply_count":0,"_bbp_total_topic_count":0,"_bbp_total_reply_count":0,"_bbp_voice_count":0,"_bbp_anonymous_reply_count":0,"_bbp_topic_count_hidden":0,"_bbp_reply_count_hidden":0,"_bbp_forum_subforum_count":0,"footnotes":""},"categories":[109,29],"tags":[],"class_list":["post-5513","post","type-post","status-publish","format-standard","has-post-thumbnail","hentry","category-batx-2","category-portada"],"post_mailing_queue_ids":[],"_links":{"self":[{"href":"https:\/\/agora.xtec.cat\/iesguinovarda\/wp-json\/wp\/v2\/posts\/5513","targetHints":{"allow":["GET"]}}],"collection":[{"href":"https:\/\/agora.xtec.cat\/iesguinovarda\/wp-json\/wp\/v2\/posts"}],"about":[{"href":"https:\/\/agora.xtec.cat\/iesguinovarda\/wp-json\/wp\/v2\/types\/post"}],"author":[{"embeddable":true,"href":"https:\/\/agora.xtec.cat\/iesguinovarda\/wp-json\/wp\/v2\/users\/5"}],"replies":[{"embeddable":true,"href":"https:\/\/agora.xtec.cat\/iesguinovarda\/wp-json\/wp\/v2\/comments?post=5513"}],"version-history":[{"count":1,"href":"https:\/\/agora.xtec.cat\/iesguinovarda\/wp-json\/wp\/v2\/posts\/5513\/revisions"}],"predecessor-version":[{"id":5515,"href":"https:\/\/agora.xtec.cat\/iesguinovarda\/wp-json\/wp\/v2\/posts\/5513\/revisions\/5515"}],"wp:featuredmedia":[{"embeddable":true,"href":"https:\/\/agora.xtec.cat\/iesguinovarda\/wp-json\/wp\/v2\/media\/5514"}],"wp:attachment":[{"href":"https:\/\/agora.xtec.cat\/iesguinovarda\/wp-json\/wp\/v2\/media?parent=5513"}],"wp:term":[{"taxonomy":"category","embeddable":true,"href":"https:\/\/agora.xtec.cat\/iesguinovarda\/wp-json\/wp\/v2\/categories?post=5513"},{"taxonomy":"post_tag","embeddable":true,"href":"https:\/\/agora.xtec.cat\/iesguinovarda\/wp-json\/wp\/v2\/tags?post=5513"}],"curies":[{"name":"wp","href":"https:\/\/api.w.org\/{rel}","templated":true}]}}