{"id":5510,"date":"2025-03-16T18:04:54","date_gmt":"2025-03-16T17:04:54","guid":{"rendered":"https:\/\/agora.xtec.cat\/iesguinovarda\/?p=5510"},"modified":"2025-03-16T18:04:54","modified_gmt":"2025-03-16T17:04:54","slug":"minifira-de-lensenyament","status":"publish","type":"post","link":"https:\/\/agora.xtec.cat\/iesguinovarda\/eso\/eso-4\/minifira-de-lensenyament\/","title":{"rendered":"MINIFIRA DE L\u2019ENSENYAMENT"},"content":{"rendered":"<p>L\u2019alumnat de quart d\u2019ESO, de segon dels CFGM i dels PFI van assistir a la Minifira de l\u2019Ensenyament. Aquesta fira, impulsada i dinamitzada per un equip t\u00e8cnic de l\u2019Oficina Jove de l\u2019Anoia, va posar a la seva disposici\u00f3 l\u2019oferta formativa d\u2019estudis postobligatoris. A m\u00e9s, va rebre una atenci\u00f3 personalitzada per tal de resoldre qualsevol dubte sobre quins estudis podr\u00e0 cursar despr\u00e9s de finalitzar aquesta etapa de formaci\u00f3 acad\u00e8mica.<\/p>\n<p><a data-flickr-embed=\"true\" href=\"https:\/\/www.flickr.com\/photos\/insguinovarda\/albums\/72177720324450532\" title=\"Minifira Ensenyament (4ESO, 2SCOM, 2CFGM, PFI\"><img loading=\"lazy\" decoding=\"async\" src=\"https:\/\/live.staticflickr.com\/65535\/54390978785_978c34f356.jpg\" width=\"640\" height=\"480\" alt=\"Minifira Ensenyament (4ESO, 2SCOM, 2CFGM, PFI\"\/><\/a><script async src=\"\/\/embedr.flickr.com\/assets\/client-code.js\" charset=\"utf-8\"><\/script><\/p>\n","protected":false},"excerpt":{"rendered":"<p>L\u2019alumnat de quart d\u2019ESO, de segon dels CFGM i dels PFI van assistir a la Minifira de l\u2019Ensenyament. Aquesta fira, impulsada i dinamitzada per un equip t\u00e8cnic de l\u2019Oficina Jove de l\u2019Anoia, va posar a la seva disposici\u00f3 l\u2019oferta formativa d\u2019estudis postobligatoris. A m\u00e9s, va&hellip;  <a href=\"https:\/\/agora.xtec.cat\/iesguinovarda\/eso\/eso-4\/minifira-de-lensenyament\/\" title=\"Read MINIFIRA DE L\u2019ENSENYAMENT\">Llegeix m\u00e9s\u00bb<\/a><\/p>\n","protected":false},"author":5,"featured_media":5511,"comment_status":"closed","ping_status":"closed","sticky":false,"template":"","format":"standard","meta":{"_bbp_topic_count":0,"_bbp_reply_count":0,"_bbp_total_topic_count":0,"_bbp_total_reply_count":0,"_bbp_voice_count":0,"_bbp_anonymous_reply_count":0,"_bbp_topic_count_hidden":0,"_bbp_reply_count_hidden":0,"_bbp_forum_subforum_count":0,"footnotes":""},"categories":[118,7,119,29,113],"tags":[],"class_list":["post-5510","post","type-post","status-publish","format-standard","has-post-thumbnail","hentry","category-2scom","category-eso-4","category-pfi","category-portada","category-smx-2"],"post_mailing_queue_ids":[],"_links":{"self":[{"href":"https:\/\/agora.xtec.cat\/iesguinovarda\/wp-json\/wp\/v2\/posts\/5510","targetHints":{"allow":["GET"]}}],"collection":[{"href":"https:\/\/agora.xtec.cat\/iesguinovarda\/wp-json\/wp\/v2\/posts"}],"about":[{"href":"https:\/\/agora.xtec.cat\/iesguinovarda\/wp-json\/wp\/v2\/types\/post"}],"author":[{"embeddable":true,"href":"https:\/\/agora.xtec.cat\/iesguinovarda\/wp-json\/wp\/v2\/users\/5"}],"replies":[{"embeddable":true,"href":"https:\/\/agora.xtec.cat\/iesguinovarda\/wp-json\/wp\/v2\/comments?post=5510"}],"version-history":[{"count":1,"href":"https:\/\/agora.xtec.cat\/iesguinovarda\/wp-json\/wp\/v2\/posts\/5510\/revisions"}],"predecessor-version":[{"id":5512,"href":"https:\/\/agora.xtec.cat\/iesguinovarda\/wp-json\/wp\/v2\/posts\/5510\/revisions\/5512"}],"wp:featuredmedia":[{"embeddable":true,"href":"https:\/\/agora.xtec.cat\/iesguinovarda\/wp-json\/wp\/v2\/media\/5511"}],"wp:attachment":[{"href":"https:\/\/agora.xtec.cat\/iesguinovarda\/wp-json\/wp\/v2\/media?parent=5510"}],"wp:term":[{"taxonomy":"category","embeddable":true,"href":"https:\/\/agora.xtec.cat\/iesguinovarda\/wp-json\/wp\/v2\/categories?post=5510"},{"taxonomy":"post_tag","embeddable":true,"href":"https:\/\/agora.xtec.cat\/iesguinovarda\/wp-json\/wp\/v2\/tags?post=5510"}],"curies":[{"name":"wp","href":"https:\/\/api.w.org\/{rel}","templated":true}]}}