{"id":5507,"date":"2025-03-16T17:47:47","date_gmt":"2025-03-16T16:47:47","guid":{"rendered":"https:\/\/agora.xtec.cat\/iesguinovarda\/?p=5507"},"modified":"2025-03-16T17:47:47","modified_gmt":"2025-03-16T16:47:47","slug":"moures-per-lestranger","status":"publish","type":"post","link":"https:\/\/agora.xtec.cat\/iesguinovarda\/portada\/moures-per-lestranger\/","title":{"rendered":"MOURE\u2019S PER L\u2019ESTRANGER"},"content":{"rendered":"<p>L\u2019alumnat de Batxillerat i de segon de CFGM va assistir a un taller sobre Mobilitat Internacional.<br \/>\nEl taller va oferir-los informaci\u00f3, orientaci\u00f3 i assessorament sobre viatges i estades a l\u2019estranger (camps de treball, intercanvis, voluntariat, estades d\u2019estiu, turisme alternatiu&#8230;), ja sigui per motius acad\u00e8mics, laborals o d\u2019oci.<br \/>\nLes alumnes i les alumnes van intercanviar inquietuds i experi\u00e8ncies, van poder recollir molta informaci\u00f3 i ampliar coneixements i experi\u00e8ncies \u00faniques. Tamb\u00e9 van tenir l\u2019oportunitat de resoldre qualsevol dubte sobre qu\u00e8 haurien de fer si algun cop volen estudiar a l\u2019estranger.<\/p>\n<p><a data-flickr-embed=\"true\" href=\"https:\/\/www.flickr.com\/photos\/insguinovarda\/albums\/72177720324465158\" title=\"Joves a l&#x27;estranger mar\u00e7-25 (2BTAX, 2SMX, 2TAPSD)\"><img loading=\"lazy\" decoding=\"async\" src=\"https:\/\/live.staticflickr.com\/65535\/54390942660_7e29e42527_z.jpg\" width=\"640\" height=\"480\" alt=\"Joves a l&#x27;estranger mar\u00e7-25 (2BTAX, 2SMX, 2TAPSD)\"\/><\/a><script async src=\"\/\/embedr.flickr.com\/assets\/client-code.js\" charset=\"utf-8\"><\/script><\/p>\n","protected":false},"excerpt":{"rendered":"<p>L\u2019alumnat de Batxillerat i de segon de CFGM va assistir a un taller sobre Mobilitat Internacional.<br \/>\nEl taller va oferir-los informaci\u00f3, orientaci\u00f3 i assessorament sobre viatges i estades a l\u2019estranger (camps de treball, intercanvis, voluntariat, estades d\u2019estiu, turisme alternatiu&#8230;), ja sigui per motius acad\u00e8mics, laborals o&hellip;  <a href=\"https:\/\/agora.xtec.cat\/iesguinovarda\/portada\/moures-per-lestranger\/\" title=\"Read MOURE\u2019S PER L\u2019ESTRANGER\">Llegeix m\u00e9s\u00bb<\/a><\/p>\n","protected":false},"author":5,"featured_media":5508,"comment_status":"closed","ping_status":"closed","sticky":false,"template":"","format":"standard","meta":{"_bbp_topic_count":0,"_bbp_reply_count":0,"_bbp_total_topic_count":0,"_bbp_total_reply_count":0,"_bbp_voice_count":0,"_bbp_anonymous_reply_count":0,"_bbp_topic_count_hidden":0,"_bbp_reply_count_hidden":0,"_bbp_forum_subforum_count":0,"footnotes":""},"categories":[109,29,113,111],"tags":[],"class_list":["post-5507","post","type-post","status-publish","format-standard","has-post-thumbnail","hentry","category-batx-2","category-portada","category-smx-2","category-tapsd-2"],"post_mailing_queue_ids":[],"_links":{"self":[{"href":"https:\/\/agora.xtec.cat\/iesguinovarda\/wp-json\/wp\/v2\/posts\/5507","targetHints":{"allow":["GET"]}}],"collection":[{"href":"https:\/\/agora.xtec.cat\/iesguinovarda\/wp-json\/wp\/v2\/posts"}],"about":[{"href":"https:\/\/agora.xtec.cat\/iesguinovarda\/wp-json\/wp\/v2\/types\/post"}],"author":[{"embeddable":true,"href":"https:\/\/agora.xtec.cat\/iesguinovarda\/wp-json\/wp\/v2\/users\/5"}],"replies":[{"embeddable":true,"href":"https:\/\/agora.xtec.cat\/iesguinovarda\/wp-json\/wp\/v2\/comments?post=5507"}],"version-history":[{"count":1,"href":"https:\/\/agora.xtec.cat\/iesguinovarda\/wp-json\/wp\/v2\/posts\/5507\/revisions"}],"predecessor-version":[{"id":5509,"href":"https:\/\/agora.xtec.cat\/iesguinovarda\/wp-json\/wp\/v2\/posts\/5507\/revisions\/5509"}],"wp:featuredmedia":[{"embeddable":true,"href":"https:\/\/agora.xtec.cat\/iesguinovarda\/wp-json\/wp\/v2\/media\/5508"}],"wp:attachment":[{"href":"https:\/\/agora.xtec.cat\/iesguinovarda\/wp-json\/wp\/v2\/media?parent=5507"}],"wp:term":[{"taxonomy":"category","embeddable":true,"href":"https:\/\/agora.xtec.cat\/iesguinovarda\/wp-json\/wp\/v2\/categories?post=5507"},{"taxonomy":"post_tag","embeddable":true,"href":"https:\/\/agora.xtec.cat\/iesguinovarda\/wp-json\/wp\/v2\/tags?post=5507"}],"curies":[{"name":"wp","href":"https:\/\/api.w.org\/{rel}","templated":true}]}}