{"id":5493,"date":"2025-03-11T08:09:17","date_gmt":"2025-03-11T07:09:17","guid":{"rendered":"https:\/\/agora.xtec.cat\/iesguinovarda\/?p=5493"},"modified":"2025-03-11T08:09:17","modified_gmt":"2025-03-11T07:09:17","slug":"un-tomb-per-piera","status":"publish","type":"post","link":"https:\/\/agora.xtec.cat\/iesguinovarda\/portada\/un-tomb-per-piera\/","title":{"rendered":"UN TOMB PER PIERA"},"content":{"rendered":"<p>L&#8217;alumnat de l&#8217;aula d&#8217;Acollida va gaudir d&#8217;una sortida pel municipi de Piera, amb una visita al nucli antic i a la Biblioteca Municipal.<br \/>\nEls objectius van ser con\u00e8ixer llocs emblem\u00e0tics del nostre poble, fomentar l&#8217;inter\u00e8s per la lectura i la llengua catalana, i treballar la cohesi\u00f3 de grup.<br \/>\nLa sortida va resultar tot un \u00e8xit, i va ser possible gr\u00e0cies a la col\u00b7laboraci\u00f3 del Pla Educatiu d&#8217;Entorn, la Biblioteca Municipal, i ELIC Anoia&#8221;.<\/p>\n<p><a data-flickr-embed=\"true\" href=\"https:\/\/www.flickr.com\/photos\/insguinovarda\/albums\/72177720324345186\" title=\"Un tomb per Piera febr. 25 (AA)\"><img loading=\"lazy\" decoding=\"async\" src=\"https:\/\/live.staticflickr.com\/65535\/54378453937_c6da5b4155_z.jpg\" width=\"640\" height=\"480\" alt=\"Un tomb per Piera febr. 25 (AA)\"\/><\/a><script async src=\"\/\/embedr.flickr.com\/assets\/client-code.js\" charset=\"utf-8\"><\/script><\/p>\n","protected":false},"excerpt":{"rendered":"<p>L&#8217;alumnat de l&#8217;aula d&#8217;Acollida va gaudir d&#8217;una sortida pel municipi de Piera, amb una visita al nucli antic i a la Biblioteca Municipal.<br \/>\nEls objectius van ser con\u00e8ixer llocs emblem\u00e0tics del nostre poble, fomentar l&#8217;inter\u00e8s per la lectura i la llengua catalana, i treballar la cohesi\u00f3&hellip;  <a href=\"https:\/\/agora.xtec.cat\/iesguinovarda\/portada\/un-tomb-per-piera\/\" title=\"Read UN TOMB PER PIERA\">Llegeix m\u00e9s\u00bb<\/a><\/p>\n","protected":false},"author":5,"featured_media":5494,"comment_status":"closed","ping_status":"closed","sticky":false,"template":"","format":"standard","meta":{"_bbp_topic_count":0,"_bbp_reply_count":0,"_bbp_total_topic_count":0,"_bbp_total_reply_count":0,"_bbp_voice_count":0,"_bbp_anonymous_reply_count":0,"_bbp_topic_count_hidden":0,"_bbp_reply_count_hidden":0,"_bbp_forum_subforum_count":0,"footnotes":""},"categories":[133,29],"tags":[],"class_list":["post-5493","post","type-post","status-publish","format-standard","has-post-thumbnail","hentry","category-aula-acollida","category-portada"],"post_mailing_queue_ids":[],"_links":{"self":[{"href":"https:\/\/agora.xtec.cat\/iesguinovarda\/wp-json\/wp\/v2\/posts\/5493","targetHints":{"allow":["GET"]}}],"collection":[{"href":"https:\/\/agora.xtec.cat\/iesguinovarda\/wp-json\/wp\/v2\/posts"}],"about":[{"href":"https:\/\/agora.xtec.cat\/iesguinovarda\/wp-json\/wp\/v2\/types\/post"}],"author":[{"embeddable":true,"href":"https:\/\/agora.xtec.cat\/iesguinovarda\/wp-json\/wp\/v2\/users\/5"}],"replies":[{"embeddable":true,"href":"https:\/\/agora.xtec.cat\/iesguinovarda\/wp-json\/wp\/v2\/comments?post=5493"}],"version-history":[{"count":1,"href":"https:\/\/agora.xtec.cat\/iesguinovarda\/wp-json\/wp\/v2\/posts\/5493\/revisions"}],"predecessor-version":[{"id":5495,"href":"https:\/\/agora.xtec.cat\/iesguinovarda\/wp-json\/wp\/v2\/posts\/5493\/revisions\/5495"}],"wp:featuredmedia":[{"embeddable":true,"href":"https:\/\/agora.xtec.cat\/iesguinovarda\/wp-json\/wp\/v2\/media\/5494"}],"wp:attachment":[{"href":"https:\/\/agora.xtec.cat\/iesguinovarda\/wp-json\/wp\/v2\/media?parent=5493"}],"wp:term":[{"taxonomy":"category","embeddable":true,"href":"https:\/\/agora.xtec.cat\/iesguinovarda\/wp-json\/wp\/v2\/categories?post=5493"},{"taxonomy":"post_tag","embeddable":true,"href":"https:\/\/agora.xtec.cat\/iesguinovarda\/wp-json\/wp\/v2\/tags?post=5493"}],"curies":[{"name":"wp","href":"https:\/\/api.w.org\/{rel}","templated":true}]}}