{"id":5455,"date":"2025-03-06T09:52:34","date_gmt":"2025-03-06T08:52:34","guid":{"rendered":"https:\/\/agora.xtec.cat\/iesguinovarda\/?p=5455"},"modified":"2025-03-11T11:47:47","modified_gmt":"2025-03-11T10:47:47","slug":"vaga-destudiants-divendres-7-de-marc","status":"publish","type":"post","link":"https:\/\/agora.xtec.cat\/iesguinovarda\/portada\/vaga-destudiants-divendres-7-de-marc\/","title":{"rendered":"VAGA D&#8217;ESTUDIANTS DIVENDRES 7 DE MAR\u00c7"},"content":{"rendered":"<p>Us informem que hi ha convocada una\u00a0<strong>vaga d&#8217;estudiants<\/strong>\u00a0per al divendres dia<b> 7 de mar\u00e7.<\/b><br \/>\n<strong>L\u2019alumnat de 1r i 2n d\u2019ESO no t\u00e9 dret a fer vaga\u00a0<\/strong>segons la normativa vigent.<\/p>\n<p align=\"justify\">Han demanat fer la vaga seguint el protocol establert pel centre i, per tant, poden fer-la:<\/p>\n<p align=\"justify\"><b>3r ESO A, B, C i D; 4t ESO A, B, C i D; 1r Batxillerat A, B i C; 2n de Batxillerat A i B; 1r i 2n de TAPSD; 1r i 2n SMX; 1r ACL; 2n. SCOM; PFI Jard\u00ed; PFI Comer\u00e7.<\/b><\/p>\n<p align=\"justify\">Recordem que el dret de fer vaga \u00e9s individual i que malgrat que el grup classe hagi decidit donar suport a la vaga,\u00a0<strong>cada alumne\/<\/strong><strong>a<\/strong><strong>\u00a0i fam\u00edlia pot decidir si exerceix aquest dret i, per tant, si assisteix a classe o no,\u00a0<\/strong>sempre que el seu grup tingui la vaga autoritzada.<\/p>\n<p align=\"justify\">L\u2019alumnat de 3r, 4t d\u2019ESO i SCOM necessiten autoritzaci\u00f3 dels pares, mares o tutors legals per poder justificar aquesta falta com a vaga, per tant, s\u2019haur\u00e0 de justificar\u00a0<strong>als tutors\/es<\/strong>\u00a0preferiblement a trav\u00e9s d\u2019iEduca o via correu electr\u00f2nic, en cas contrari constar\u00e0 com a falta no justificada.<\/p>\n<p align=\"justify\"><strong>Les classes pe<\/strong><strong>r a l\u2019alumnat<\/strong><strong>\u00a0que assisteixi al centre es duran a terme amb normalitat.\u00a0<\/strong>El professorat pot decidir si avan\u00e7a o no mat\u00e8ria, per\u00f2 no es pot perjudicar de cap manera la nota dels alumnes que exerceixen el dret a vaga.<\/p>\n<p align=\"justify\">El servei de transport funcionar\u00e0 amb normalitat.<\/p>\n","protected":false},"excerpt":{"rendered":"<p>Us informem que hi ha convocada una\u00a0vaga d&#8217;estudiants\u00a0per al divendres dia 7 de mar\u00e7.<br \/>\nL\u2019alumnat de 1r i 2n d\u2019ESO no t\u00e9 dret a fer vaga\u00a0segons la normativa vigent.<br \/>\nHan demanat fer la vaga seguint el protocol establert pel centre i, per tant, poden fer-la:<br \/>\n3r ESO A,&hellip;  <a href=\"https:\/\/agora.xtec.cat\/iesguinovarda\/portada\/vaga-destudiants-divendres-7-de-marc\/\" title=\"Read VAGA D&#8217;ESTUDIANTS DIVENDRES 7 DE MAR\u00c7\">Llegeix m\u00e9s\u00bb<\/a><\/p>\n","protected":false},"author":3,"featured_media":0,"comment_status":"closed","ping_status":"closed","sticky":false,"template":"","format":"standard","meta":{"_bbp_topic_count":0,"_bbp_reply_count":0,"_bbp_total_topic_count":0,"_bbp_total_reply_count":0,"_bbp_voice_count":0,"_bbp_anonymous_reply_count":0,"_bbp_topic_count_hidden":0,"_bbp_reply_count_hidden":0,"_bbp_forum_subforum_count":0,"footnotes":""},"categories":[29],"tags":[],"class_list":["post-5455","post","type-post","status-publish","format-standard","hentry","category-portada"],"post_mailing_queue_ids":[],"_links":{"self":[{"href":"https:\/\/agora.xtec.cat\/iesguinovarda\/wp-json\/wp\/v2\/posts\/5455","targetHints":{"allow":["GET"]}}],"collection":[{"href":"https:\/\/agora.xtec.cat\/iesguinovarda\/wp-json\/wp\/v2\/posts"}],"about":[{"href":"https:\/\/agora.xtec.cat\/iesguinovarda\/wp-json\/wp\/v2\/types\/post"}],"author":[{"embeddable":true,"href":"https:\/\/agora.xtec.cat\/iesguinovarda\/wp-json\/wp\/v2\/users\/3"}],"replies":[{"embeddable":true,"href":"https:\/\/agora.xtec.cat\/iesguinovarda\/wp-json\/wp\/v2\/comments?post=5455"}],"version-history":[{"count":1,"href":"https:\/\/agora.xtec.cat\/iesguinovarda\/wp-json\/wp\/v2\/posts\/5455\/revisions"}],"predecessor-version":[{"id":5457,"href":"https:\/\/agora.xtec.cat\/iesguinovarda\/wp-json\/wp\/v2\/posts\/5455\/revisions\/5457"}],"wp:attachment":[{"href":"https:\/\/agora.xtec.cat\/iesguinovarda\/wp-json\/wp\/v2\/media?parent=5455"}],"wp:term":[{"taxonomy":"category","embeddable":true,"href":"https:\/\/agora.xtec.cat\/iesguinovarda\/wp-json\/wp\/v2\/categories?post=5455"},{"taxonomy":"post_tag","embeddable":true,"href":"https:\/\/agora.xtec.cat\/iesguinovarda\/wp-json\/wp\/v2\/tags?post=5455"}],"curies":[{"name":"wp","href":"https:\/\/api.w.org\/{rel}","templated":true}]}}