{"id":5433,"date":"2025-03-03T21:42:56","date_gmt":"2025-03-03T20:42:56","guid":{"rendered":"https:\/\/agora.xtec.cat\/iesguinovarda\/?p=5433"},"modified":"2025-03-03T21:43:35","modified_gmt":"2025-03-03T20:43:35","slug":"el-mercat-laboral-a-lanoia","status":"publish","type":"post","link":"https:\/\/agora.xtec.cat\/iesguinovarda\/portada\/el-mercat-laboral-a-lanoia\/","title":{"rendered":"EL MERCAT LABORAL A L\u2019ANOIA"},"content":{"rendered":"<p>L\u2019alumnat de primer de TAPS, SMX i ACL ha assistit a una xerrada sobre el mercat laboral.<br \/>\nLa X\u00e8nia del Consell Comarcal, t\u00e8cnica d&#8217;orientaci\u00f3, i l&#8217;Anna de la Uni\u00f3 empresarial de l&#8217;Anoia, van informar a l\u2019alumnat sobre quins sectors i quines empreses hi ha a l&#8217;Anoia, quin tipus de professionals demanen i els recursos que tenen els joves entre 16 i 23 anys per accedir a una formaci\u00f3 o la seva primera feina a la comarca de l&#8217;Anoia.<\/p>\n<p><a data-flickr-embed=\"true\" href=\"https:\/\/www.flickr.com\/photos\/insguinovarda\/albums\/72177720324191190\" title=\"Xerrada El mercat laboral febr. 25 (1ACL, SMX, TAPSD)\"><img loading=\"lazy\" decoding=\"async\" src=\"https:\/\/live.staticflickr.com\/65535\/54362622202_347cb6210c.jpg\" width=\"640\" height=\"480\" alt=\"Xerrada El mercat laboral febr. 25 (1ACL, SMX, TAPSD)\"\/><\/a><script async src=\"\/\/embedr.flickr.com\/assets\/client-code.js\" charset=\"utf-8\"><\/script><\/p>\n","protected":false},"excerpt":{"rendered":"<p>L\u2019alumnat de primer de TAPS, SMX i ACL ha assistit a una xerrada sobre el mercat laboral.<br \/>\nLa X\u00e8nia del Consell Comarcal, t\u00e8cnica d&#8217;orientaci\u00f3, i l&#8217;Anna de la Uni\u00f3 empresarial de l&#8217;Anoia, van informar a l\u2019alumnat sobre quins sectors i quines empreses hi ha a l&#8217;Anoia,&hellip;  <a href=\"https:\/\/agora.xtec.cat\/iesguinovarda\/portada\/el-mercat-laboral-a-lanoia\/\" title=\"Read EL MERCAT LABORAL A L\u2019ANOIA\">Llegeix m\u00e9s\u00bb<\/a><\/p>\n","protected":false},"author":5,"featured_media":5434,"comment_status":"closed","ping_status":"closed","sticky":false,"template":"","format":"standard","meta":{"_bbp_topic_count":0,"_bbp_reply_count":0,"_bbp_total_topic_count":0,"_bbp_total_reply_count":0,"_bbp_voice_count":0,"_bbp_anonymous_reply_count":0,"_bbp_topic_count_hidden":0,"_bbp_reply_count_hidden":0,"_bbp_forum_subforum_count":0,"footnotes":""},"categories":[127,29,112,110],"tags":[],"class_list":["post-5433","post","type-post","status-publish","format-standard","has-post-thumbnail","hentry","category-1acl","category-portada","category-smx-1","category-tapsd-1"],"post_mailing_queue_ids":[],"_links":{"self":[{"href":"https:\/\/agora.xtec.cat\/iesguinovarda\/wp-json\/wp\/v2\/posts\/5433","targetHints":{"allow":["GET"]}}],"collection":[{"href":"https:\/\/agora.xtec.cat\/iesguinovarda\/wp-json\/wp\/v2\/posts"}],"about":[{"href":"https:\/\/agora.xtec.cat\/iesguinovarda\/wp-json\/wp\/v2\/types\/post"}],"author":[{"embeddable":true,"href":"https:\/\/agora.xtec.cat\/iesguinovarda\/wp-json\/wp\/v2\/users\/5"}],"replies":[{"embeddable":true,"href":"https:\/\/agora.xtec.cat\/iesguinovarda\/wp-json\/wp\/v2\/comments?post=5433"}],"version-history":[{"count":1,"href":"https:\/\/agora.xtec.cat\/iesguinovarda\/wp-json\/wp\/v2\/posts\/5433\/revisions"}],"predecessor-version":[{"id":5435,"href":"https:\/\/agora.xtec.cat\/iesguinovarda\/wp-json\/wp\/v2\/posts\/5433\/revisions\/5435"}],"wp:featuredmedia":[{"embeddable":true,"href":"https:\/\/agora.xtec.cat\/iesguinovarda\/wp-json\/wp\/v2\/media\/5434"}],"wp:attachment":[{"href":"https:\/\/agora.xtec.cat\/iesguinovarda\/wp-json\/wp\/v2\/media?parent=5433"}],"wp:term":[{"taxonomy":"category","embeddable":true,"href":"https:\/\/agora.xtec.cat\/iesguinovarda\/wp-json\/wp\/v2\/categories?post=5433"},{"taxonomy":"post_tag","embeddable":true,"href":"https:\/\/agora.xtec.cat\/iesguinovarda\/wp-json\/wp\/v2\/tags?post=5433"}],"curies":[{"name":"wp","href":"https:\/\/api.w.org\/{rel}","templated":true}]}}