{"id":5394,"date":"2025-02-16T19:20:13","date_gmt":"2025-02-16T18:20:13","guid":{"rendered":"https:\/\/agora.xtec.cat\/iesguinovarda\/?p=5394"},"modified":"2025-02-16T19:20:13","modified_gmt":"2025-02-16T18:20:13","slug":"tallers-dequitat-menstrual-2","status":"publish","type":"post","link":"https:\/\/agora.xtec.cat\/iesguinovarda\/eso\/eso-1\/tallers-dequitat-menstrual-2\/","title":{"rendered":"TALLERS D\u2019EQUITAT MENSTRUAL"},"content":{"rendered":"<p>L\u2019alumnat de primer d\u2019ESO va participar en uns tallers sobre equitat menstrual, impartits per professionals del CAP de Piera.<br \/>\nEls van explicar el funcionament dels productes, qu\u00e8 \u00e9s la menstruaci\u00f3 i quins mites i tab\u00fas giren al seu voltant. Tamb\u00e9 van poder resoldre qualsevol dubte sobre l\u2019\u00fas dels productes menstruals.<br \/>\nLa meva regla, les meves regles \u00e9s una iniciativa de la Generalitat que pret\u00e9n formar en educaci\u00f3 menstrual el jovent, facilitar-los productes menstruals reutilitzables i al mateix temps que  prenguin consci\u00e8ncia de l\u2019impacte ecol\u00f2gic dels productes d\u2019un sol \u00fas.<\/p>\n<p><a data-flickr-embed=\"true\" href=\"https:\/\/www.flickr.com\/photos\/insguinovarda\/albums\/72177720323861705\" title=\"Taller equitat menstrual febr. 25 (1ESO)\"><img loading=\"lazy\" decoding=\"async\" src=\"https:\/\/live.staticflickr.com\/65535\/54330636457_31909267e2.jpg\" width=\"640\" height=\"480\" alt=\"Taller equitat menstrual febr. 25 (1ESO)\"\/><\/a><script async src=\"\/\/embedr.flickr.com\/assets\/client-code.js\" charset=\"utf-8\"><\/script><\/p>\n","protected":false},"excerpt":{"rendered":"<p>L\u2019alumnat de primer d\u2019ESO va participar en uns tallers sobre equitat menstrual, impartits per professionals del CAP de Piera.<br \/>\nEls van explicar el funcionament dels productes, qu\u00e8 \u00e9s la menstruaci\u00f3 i quins mites i tab\u00fas giren al seu voltant. Tamb\u00e9 van poder resoldre qualsevol dubte sobre&hellip;  <a href=\"https:\/\/agora.xtec.cat\/iesguinovarda\/eso\/eso-1\/tallers-dequitat-menstrual-2\/\" title=\"Read TALLERS D\u2019EQUITAT MENSTRUAL\">Llegeix m\u00e9s\u00bb<\/a><\/p>\n","protected":false},"author":5,"featured_media":5395,"comment_status":"closed","ping_status":"closed","sticky":false,"template":"","format":"standard","meta":{"_bbp_topic_count":0,"_bbp_reply_count":0,"_bbp_total_topic_count":0,"_bbp_total_reply_count":0,"_bbp_voice_count":0,"_bbp_anonymous_reply_count":0,"_bbp_topic_count_hidden":0,"_bbp_reply_count_hidden":0,"_bbp_forum_subforum_count":0,"footnotes":""},"categories":[4,29],"tags":[],"class_list":["post-5394","post","type-post","status-publish","format-standard","has-post-thumbnail","hentry","category-eso-1","category-portada"],"post_mailing_queue_ids":[],"_links":{"self":[{"href":"https:\/\/agora.xtec.cat\/iesguinovarda\/wp-json\/wp\/v2\/posts\/5394","targetHints":{"allow":["GET"]}}],"collection":[{"href":"https:\/\/agora.xtec.cat\/iesguinovarda\/wp-json\/wp\/v2\/posts"}],"about":[{"href":"https:\/\/agora.xtec.cat\/iesguinovarda\/wp-json\/wp\/v2\/types\/post"}],"author":[{"embeddable":true,"href":"https:\/\/agora.xtec.cat\/iesguinovarda\/wp-json\/wp\/v2\/users\/5"}],"replies":[{"embeddable":true,"href":"https:\/\/agora.xtec.cat\/iesguinovarda\/wp-json\/wp\/v2\/comments?post=5394"}],"version-history":[{"count":1,"href":"https:\/\/agora.xtec.cat\/iesguinovarda\/wp-json\/wp\/v2\/posts\/5394\/revisions"}],"predecessor-version":[{"id":5396,"href":"https:\/\/agora.xtec.cat\/iesguinovarda\/wp-json\/wp\/v2\/posts\/5394\/revisions\/5396"}],"wp:featuredmedia":[{"embeddable":true,"href":"https:\/\/agora.xtec.cat\/iesguinovarda\/wp-json\/wp\/v2\/media\/5395"}],"wp:attachment":[{"href":"https:\/\/agora.xtec.cat\/iesguinovarda\/wp-json\/wp\/v2\/media?parent=5394"}],"wp:term":[{"taxonomy":"category","embeddable":true,"href":"https:\/\/agora.xtec.cat\/iesguinovarda\/wp-json\/wp\/v2\/categories?post=5394"},{"taxonomy":"post_tag","embeddable":true,"href":"https:\/\/agora.xtec.cat\/iesguinovarda\/wp-json\/wp\/v2\/tags?post=5394"}],"curies":[{"name":"wp","href":"https:\/\/api.w.org\/{rel}","templated":true}]}}