{"id":5391,"date":"2025-02-16T18:55:16","date_gmt":"2025-02-16T17:55:16","guid":{"rendered":"https:\/\/agora.xtec.cat\/iesguinovarda\/?p=5391"},"modified":"2025-02-16T18:55:16","modified_gmt":"2025-02-16T17:55:16","slug":"una-estona-amb-la-fundacio-la-rosella","status":"publish","type":"post","link":"https:\/\/agora.xtec.cat\/iesguinovarda\/portada\/una-estona-amb-la-fundacio-la-rosella\/","title":{"rendered":"UNA ESTONA AMB LA FUNDACI\u00d3 LA ROSELLA"},"content":{"rendered":"<p>Les alumnes de primer de TAPSD van assistir a una xerrada de la Fundaci\u00f3 La Rosella de Castellv\u00ed de Rosanes.<br \/>\nVan explicar-los qu\u00e8 fan i com viuen en el seu centre i a la llar resid\u00e8ncia les persones que tenen un trastorn del desenvolupament intel\u00b7lectual.<br \/>\nDurant la xerrada, es van plantejar situacions del seu dia a dia i com les resolen o les poden treballar: la feina, la higiene, la sexualitat, tenir fills, etc.<br \/>\nA m\u00e9s, les alumnes i els joves de La Rosella, en petits grups, van poder compartir una estona per parlar sobre experi\u00e8ncies, curiositats, inquietuds&#8230;<\/p>\n<p><a data-flickr-embed=\"true\" href=\"https:\/\/www.flickr.com\/photos\/insguinovarda\/albums\/72177720323861320\" title=\"La Rosella febr. 25 (1TAPSD)\"><img loading=\"lazy\" decoding=\"async\" src=\"https:\/\/live.staticflickr.com\/65535\/54331489381_b616e428d8_z.jpg\" width=\"640\" height=\"480\" alt=\"La Rosella febr. 25 (1TAPSD)\"\/><\/a><script async src=\"\/\/embedr.flickr.com\/assets\/client-code.js\" charset=\"utf-8\"><\/script><\/p>\n","protected":false},"excerpt":{"rendered":"<p>Les alumnes de primer de TAPSD van assistir a una xerrada de la Fundaci\u00f3 La Rosella de Castellv\u00ed de Rosanes.<br \/>\nVan explicar-los qu\u00e8 fan i com viuen en el seu centre i a la llar resid\u00e8ncia les persones que tenen un trastorn del desenvolupament intel\u00b7lectual.<br \/>\nDurant la&hellip;  <a href=\"https:\/\/agora.xtec.cat\/iesguinovarda\/portada\/una-estona-amb-la-fundacio-la-rosella\/\" title=\"Read UNA ESTONA AMB LA FUNDACI\u00d3 LA ROSELLA\">Llegeix m\u00e9s\u00bb<\/a><\/p>\n","protected":false},"author":5,"featured_media":5392,"comment_status":"closed","ping_status":"closed","sticky":false,"template":"","format":"standard","meta":{"_bbp_topic_count":0,"_bbp_reply_count":0,"_bbp_total_topic_count":0,"_bbp_total_reply_count":0,"_bbp_voice_count":0,"_bbp_anonymous_reply_count":0,"_bbp_topic_count_hidden":0,"_bbp_reply_count_hidden":0,"_bbp_forum_subforum_count":0,"footnotes":""},"categories":[29,110],"tags":[],"class_list":["post-5391","post","type-post","status-publish","format-standard","has-post-thumbnail","hentry","category-portada","category-tapsd-1"],"post_mailing_queue_ids":[],"_links":{"self":[{"href":"https:\/\/agora.xtec.cat\/iesguinovarda\/wp-json\/wp\/v2\/posts\/5391","targetHints":{"allow":["GET"]}}],"collection":[{"href":"https:\/\/agora.xtec.cat\/iesguinovarda\/wp-json\/wp\/v2\/posts"}],"about":[{"href":"https:\/\/agora.xtec.cat\/iesguinovarda\/wp-json\/wp\/v2\/types\/post"}],"author":[{"embeddable":true,"href":"https:\/\/agora.xtec.cat\/iesguinovarda\/wp-json\/wp\/v2\/users\/5"}],"replies":[{"embeddable":true,"href":"https:\/\/agora.xtec.cat\/iesguinovarda\/wp-json\/wp\/v2\/comments?post=5391"}],"version-history":[{"count":1,"href":"https:\/\/agora.xtec.cat\/iesguinovarda\/wp-json\/wp\/v2\/posts\/5391\/revisions"}],"predecessor-version":[{"id":5393,"href":"https:\/\/agora.xtec.cat\/iesguinovarda\/wp-json\/wp\/v2\/posts\/5391\/revisions\/5393"}],"wp:featuredmedia":[{"embeddable":true,"href":"https:\/\/agora.xtec.cat\/iesguinovarda\/wp-json\/wp\/v2\/media\/5392"}],"wp:attachment":[{"href":"https:\/\/agora.xtec.cat\/iesguinovarda\/wp-json\/wp\/v2\/media?parent=5391"}],"wp:term":[{"taxonomy":"category","embeddable":true,"href":"https:\/\/agora.xtec.cat\/iesguinovarda\/wp-json\/wp\/v2\/categories?post=5391"},{"taxonomy":"post_tag","embeddable":true,"href":"https:\/\/agora.xtec.cat\/iesguinovarda\/wp-json\/wp\/v2\/tags?post=5391"}],"curies":[{"name":"wp","href":"https:\/\/api.w.org\/{rel}","templated":true}]}}