{"id":5370,"date":"2025-02-12T10:18:55","date_gmt":"2025-02-12T09:18:55","guid":{"rendered":"https:\/\/agora.xtec.cat\/iesguinovarda\/?p=5370"},"modified":"2025-03-20T12:21:26","modified_gmt":"2025-03-20T11:21:26","slug":"campanya-solidaria-de-recollida-daliments","status":"publish","type":"post","link":"https:\/\/agora.xtec.cat\/iesguinovarda\/general\/campanya-solidaria-de-recollida-daliments\/","title":{"rendered":"Campanya solid\u00e0ria de recollida d&#8217;aliments"},"content":{"rendered":"<p><img loading=\"lazy\" decoding=\"async\" class=\"alignnone wp-image-5371\" src=\"https:\/\/agora.xtec.cat\/iesguinovarda\/wp-content\/uploads\/usu579\/2025\/02\/Continuem-donant-la-llauna-1_page-0001-212x300.jpg\" alt=\"\" width=\"184\" height=\"260\" srcset=\"https:\/\/agora.xtec.cat\/iesguinovarda\/wp-content\/uploads\/usu579\/2025\/02\/Continuem-donant-la-llauna-1_page-0001-212x300.jpg 212w, https:\/\/agora.xtec.cat\/iesguinovarda\/wp-content\/uploads\/usu579\/2025\/02\/Continuem-donant-la-llauna-1_page-0001-724x1024.jpg 724w, https:\/\/agora.xtec.cat\/iesguinovarda\/wp-content\/uploads\/usu579\/2025\/02\/Continuem-donant-la-llauna-1_page-0001-768x1086.jpg 768w, https:\/\/agora.xtec.cat\/iesguinovarda\/wp-content\/uploads\/usu579\/2025\/02\/Continuem-donant-la-llauna-1_page-0001-1086x1536.jpg 1086w, https:\/\/agora.xtec.cat\/iesguinovarda\/wp-content\/uploads\/usu579\/2025\/02\/Continuem-donant-la-llauna-1_page-0001.jpg 1241w\" sizes=\"auto, (max-width: 184px) 100vw, 184px\" \/><\/p>\n<p class=\"western\" align=\"justify\">Benvolgudes fam\u00edlies i alumnes<\/p>\n<p class=\"western\" align=\"justify\">Ens complau informar-vos que a partir del 17 de febrer i fins l\u201911 d\u2019abril, l\u2019institut organitza una campanya solid\u00e0ria de recollida d\u2019aliments que donarem al Banc d\u2019aliments de C\u00e0ritas de Piera, entitat que distribueix menjar entre les fam\u00edlies m\u00e9s desfavorides del municipi.<\/p>\n<p class=\"western\" align=\"justify\">Si voleu col\u00b7laborar amb nosaltres i formar part d\u2019aquesta iniciativa us convidem a portar aliments b\u00e0sics en llauna, flasc\u00f3 o paquet, amb data de caducitat llunyana. Els productes amb m\u00e9s demanda s\u00f3n:<\/p>\n<p class=\"western\" align=\"justify\">&#8211; Llet sencera i semidesnatada<\/p>\n<p class=\"western\" align=\"justify\">&#8211; Llegum cuita: mongetes, llenties, cigrons<\/p>\n<p class=\"western\" align=\"justify\">&#8211; Tonyina<\/p>\n<p class=\"western\" align=\"justify\">&#8211; Farina<\/p>\n<p class=\"western\" align=\"justify\">&#8211; Tom\u00e0quet fregit<\/p>\n<p class=\"western\" align=\"justify\">&#8211; Pasta: macarrons, pasta de colors, pasta de sopa, espaguetis<\/p>\n<p class=\"western\" align=\"justify\">&#8211; Oli d\u2019oliva i de girasol<\/p>\n<p class=\"western\" align=\"justify\">&#8211; Galetes Maria<\/p>\n<p class=\"western\" align=\"justify\">&#8211; Productes d\u2019higiene: gel, xamp\u00fa, compreses<\/p>\n<p class=\"western\" align=\"justify\">&#8211; Productes de neteja: sab\u00f3 de plats, i sab\u00f3 per la roba<\/p>\n<p class=\"western\" align=\"justify\">&#8211; Productes per nadons: llet en pols, potitos, cereals, tovalloletes, bolquers<\/p>\n<p class=\"western\" align=\"justify\">Els alumnes hauran de portar els productes i entregar-los a\u00a0consergeria o al tutor\/a.\u00a0En acabar la campanya us facilitarem detalls de la recollida i del lliurament al banc d\u2019aliments esmentat.<\/p>\n<p class=\"western\" align=\"justify\">Esperem que la idea us sembli adient, us agra\u00efm per avan\u00e7at la vostra ajuda i us enviem una salutaci\u00f3 molt cordial.<\/p>\n<p class=\"western\" align=\"justify\">Comissi\u00f3 Material per tothom<\/p>\n<p class=\"western\" align=\"justify\">Institut Guinovarda<\/p>\n","protected":false},"excerpt":{"rendered":"<p>Benvolgudes fam\u00edlies i alumnes<br \/>\nEns complau informar-vos que a partir del 17 de febrer i fins l\u201911 d\u2019abril, l\u2019institut organitza una campanya solid\u00e0ria de recollida d\u2019aliments que donarem al Banc d\u2019aliments de C\u00e0ritas de Piera, entitat que distribueix menjar entre les fam\u00edlies m\u00e9s desfavorides del municipi.<br \/>\nSi&hellip;  <a href=\"https:\/\/agora.xtec.cat\/iesguinovarda\/general\/campanya-solidaria-de-recollida-daliments\/\" title=\"Read Campanya solid\u00e0ria de recollida d&#8217;aliments\">Llegeix m\u00e9s\u00bb<\/a><\/p>\n","protected":false},"author":3,"featured_media":5371,"comment_status":"closed","ping_status":"closed","sticky":false,"template":"","format":"standard","meta":{"_bbp_topic_count":0,"_bbp_reply_count":0,"_bbp_total_topic_count":0,"_bbp_total_reply_count":0,"_bbp_voice_count":0,"_bbp_anonymous_reply_count":0,"_bbp_topic_count_hidden":0,"_bbp_reply_count_hidden":0,"_bbp_forum_subforum_count":0,"footnotes":""},"categories":[1,29],"tags":[],"class_list":["post-5370","post","type-post","status-publish","format-standard","has-post-thumbnail","hentry","category-general","category-portada"],"post_mailing_queue_ids":[],"_links":{"self":[{"href":"https:\/\/agora.xtec.cat\/iesguinovarda\/wp-json\/wp\/v2\/posts\/5370","targetHints":{"allow":["GET"]}}],"collection":[{"href":"https:\/\/agora.xtec.cat\/iesguinovarda\/wp-json\/wp\/v2\/posts"}],"about":[{"href":"https:\/\/agora.xtec.cat\/iesguinovarda\/wp-json\/wp\/v2\/types\/post"}],"author":[{"embeddable":true,"href":"https:\/\/agora.xtec.cat\/iesguinovarda\/wp-json\/wp\/v2\/users\/3"}],"replies":[{"embeddable":true,"href":"https:\/\/agora.xtec.cat\/iesguinovarda\/wp-json\/wp\/v2\/comments?post=5370"}],"version-history":[{"count":6,"href":"https:\/\/agora.xtec.cat\/iesguinovarda\/wp-json\/wp\/v2\/posts\/5370\/revisions"}],"predecessor-version":[{"id":5468,"href":"https:\/\/agora.xtec.cat\/iesguinovarda\/wp-json\/wp\/v2\/posts\/5370\/revisions\/5468"}],"wp:featuredmedia":[{"embeddable":true,"href":"https:\/\/agora.xtec.cat\/iesguinovarda\/wp-json\/wp\/v2\/media\/5371"}],"wp:attachment":[{"href":"https:\/\/agora.xtec.cat\/iesguinovarda\/wp-json\/wp\/v2\/media?parent=5370"}],"wp:term":[{"taxonomy":"category","embeddable":true,"href":"https:\/\/agora.xtec.cat\/iesguinovarda\/wp-json\/wp\/v2\/categories?post=5370"},{"taxonomy":"post_tag","embeddable":true,"href":"https:\/\/agora.xtec.cat\/iesguinovarda\/wp-json\/wp\/v2\/tags?post=5370"}],"curies":[{"name":"wp","href":"https:\/\/api.w.org\/{rel}","templated":true}]}}