{"id":5312,"date":"2025-01-22T06:27:35","date_gmt":"2025-01-22T05:27:35","guid":{"rendered":"https:\/\/agora.xtec.cat\/iesguinovarda\/?p=5312"},"modified":"2025-01-22T06:27:35","modified_gmt":"2025-01-22T05:27:35","slug":"ruta-literaria-nada-de-carmen-laforet","status":"publish","type":"post","link":"https:\/\/agora.xtec.cat\/iesguinovarda\/portada\/ruta-literaria-nada-de-carmen-laforet\/","title":{"rendered":"RUTA LITER\u00c0RIA: NADA, DE CARMEN LAFORET"},"content":{"rendered":"<p>Divendres, 17 de gener, l\u2019alumnat de 2n de Batxillerat va passejar pels carrers de Barcelona per reviure la novel\u00b7la <em>Nada<\/em>, de Carmen Laforet. L\u2019itinerari es va realitzar entre el carrer Aribau, on va n\u00e9ixer l\u2019escriptora, i el barri del Raval.<br \/>\nEl recorregut va oferir a l\u2019alumnat una aproximaci\u00f3 dels fets, els personatges, del context hist\u00f2ric i f\u00edsic de la novel\u00b7la de Laforet.<br \/>\nLa ruta els va conduir des de l\u2019Eixample Dret, que simbolitzava la burgesia barcelonina, cap al barri del Raval, que era el s\u00edmbol de la Barcelona marginada i popular.<br \/>\nAmb aquesta ruta liter\u00e0ria, l\u2019alumnat va con\u00e8ixer de m\u00e9s a prop la cultura i la hist\u00f2ria de la ciutat de Barcelona.<\/p>\n<p><a data-flickr-embed=\"true\" href=\"https:\/\/www.flickr.com\/photos\/insguinovarda\/albums\/72177720323340513\" title=\"Ruta liter\u00e0ria Nada, de Carmen Laforet gen. 25 (2BATX)\"><img loading=\"lazy\" decoding=\"async\" src=\"https:\/\/live.staticflickr.com\/65535\/54279645902_2a515ec162_z.jpg\" width=\"640\" height=\"480\" alt=\"Ruta liter\u00e0ria Nada, de Carmen Laforet gen. 25 (2BATX)\"\/><\/a><script async src=\"\/\/embedr.flickr.com\/assets\/client-code.js\" charset=\"utf-8\"><\/script><\/p>\n","protected":false},"excerpt":{"rendered":"<p>Divendres, 17 de gener, l\u2019alumnat de 2n de Batxillerat va passejar pels carrers de Barcelona per reviure la novel\u00b7la Nada, de Carmen Laforet. L\u2019itinerari es va realitzar entre el carrer Aribau, on va n\u00e9ixer l\u2019escriptora, i el barri del Raval.<br \/>\nEl recorregut va oferir a l\u2019alumnat&hellip;  <a href=\"https:\/\/agora.xtec.cat\/iesguinovarda\/portada\/ruta-literaria-nada-de-carmen-laforet\/\" title=\"Read RUTA LITER\u00c0RIA: NADA, DE CARMEN LAFORET\">Llegeix m\u00e9s\u00bb<\/a><\/p>\n","protected":false},"author":5,"featured_media":5313,"comment_status":"closed","ping_status":"closed","sticky":false,"template":"","format":"standard","meta":{"_bbp_topic_count":0,"_bbp_reply_count":0,"_bbp_total_topic_count":0,"_bbp_total_reply_count":0,"_bbp_voice_count":0,"_bbp_anonymous_reply_count":0,"_bbp_topic_count_hidden":0,"_bbp_reply_count_hidden":0,"_bbp_forum_subforum_count":0,"footnotes":""},"categories":[109,29],"tags":[],"class_list":["post-5312","post","type-post","status-publish","format-standard","has-post-thumbnail","hentry","category-batx-2","category-portada"],"post_mailing_queue_ids":[],"_links":{"self":[{"href":"https:\/\/agora.xtec.cat\/iesguinovarda\/wp-json\/wp\/v2\/posts\/5312","targetHints":{"allow":["GET"]}}],"collection":[{"href":"https:\/\/agora.xtec.cat\/iesguinovarda\/wp-json\/wp\/v2\/posts"}],"about":[{"href":"https:\/\/agora.xtec.cat\/iesguinovarda\/wp-json\/wp\/v2\/types\/post"}],"author":[{"embeddable":true,"href":"https:\/\/agora.xtec.cat\/iesguinovarda\/wp-json\/wp\/v2\/users\/5"}],"replies":[{"embeddable":true,"href":"https:\/\/agora.xtec.cat\/iesguinovarda\/wp-json\/wp\/v2\/comments?post=5312"}],"version-history":[{"count":1,"href":"https:\/\/agora.xtec.cat\/iesguinovarda\/wp-json\/wp\/v2\/posts\/5312\/revisions"}],"predecessor-version":[{"id":5314,"href":"https:\/\/agora.xtec.cat\/iesguinovarda\/wp-json\/wp\/v2\/posts\/5312\/revisions\/5314"}],"wp:featuredmedia":[{"embeddable":true,"href":"https:\/\/agora.xtec.cat\/iesguinovarda\/wp-json\/wp\/v2\/media\/5313"}],"wp:attachment":[{"href":"https:\/\/agora.xtec.cat\/iesguinovarda\/wp-json\/wp\/v2\/media?parent=5312"}],"wp:term":[{"taxonomy":"category","embeddable":true,"href":"https:\/\/agora.xtec.cat\/iesguinovarda\/wp-json\/wp\/v2\/categories?post=5312"},{"taxonomy":"post_tag","embeddable":true,"href":"https:\/\/agora.xtec.cat\/iesguinovarda\/wp-json\/wp\/v2\/tags?post=5312"}],"curies":[{"name":"wp","href":"https:\/\/api.w.org\/{rel}","templated":true}]}}