{"id":5309,"date":"2025-01-22T06:08:20","date_gmt":"2025-01-22T05:08:20","guid":{"rendered":"https:\/\/agora.xtec.cat\/iesguinovarda\/?p=5309"},"modified":"2025-01-27T06:55:25","modified_gmt":"2025-01-27T05:55:25","slug":"lautoestima-sha-de-cuidar","status":"publish","type":"post","link":"https:\/\/agora.xtec.cat\/iesguinovarda\/eso\/eso-1\/lautoestima-sha-de-cuidar\/","title":{"rendered":"L\u2019AUTOESTIMA S\u2019HA DE CUIDAR"},"content":{"rendered":"<p>Dijous, 16 i 23 de gener, l\u2019alumnat de 1r d\u2019ESO va participar en un taller sobre l\u2019autoestima, organitzat pel CAP de Piera.  La sessi\u00f3 va centrar-se en proporcionar al jovent eines per poder con\u00e8ixer les seves possibilitats i els seus l\u00edmits i que aprengui a desenvolupar-se amb plenitud com a persones i a adquirir les responsabilitats que els pertoqui.<\/p>\n<p><a data-flickr-embed=\"true\" href=\"https:\/\/www.flickr.com\/photos\/insguinovarda\/albums\/72177720323322935\" title=\"Taller autoestima gen. 25 (1ESO)\"><img loading=\"lazy\" decoding=\"async\" src=\"https:\/\/live.staticflickr.com\/65535\/54280953565_cdf3408224.jpg\" width=\"640\" height=\"480\" alt=\"Taller autoestima gen. 25 (1ESO)\"\/><\/a><script async src=\"\/\/embedr.flickr.com\/assets\/client-code.js\" charset=\"utf-8\"><\/script><\/p>\n","protected":false},"excerpt":{"rendered":"<p>Dijous, 16 i 23 de gener, l\u2019alumnat de 1r d\u2019ESO va participar en un taller sobre l\u2019autoestima, organitzat pel CAP de Piera.  La sessi\u00f3 va centrar-se en proporcionar al jovent eines per poder con\u00e8ixer les seves possibilitats i els seus l\u00edmits i que aprengui&hellip;  <a href=\"https:\/\/agora.xtec.cat\/iesguinovarda\/eso\/eso-1\/lautoestima-sha-de-cuidar\/\" title=\"Read L\u2019AUTOESTIMA S\u2019HA DE CUIDAR\">Llegeix m\u00e9s\u00bb<\/a><\/p>\n","protected":false},"author":5,"featured_media":5310,"comment_status":"closed","ping_status":"closed","sticky":false,"template":"","format":"standard","meta":{"_bbp_topic_count":0,"_bbp_reply_count":0,"_bbp_total_topic_count":0,"_bbp_total_reply_count":0,"_bbp_voice_count":0,"_bbp_anonymous_reply_count":0,"_bbp_topic_count_hidden":0,"_bbp_reply_count_hidden":0,"_bbp_forum_subforum_count":0,"footnotes":""},"categories":[4,29],"tags":[],"class_list":["post-5309","post","type-post","status-publish","format-standard","has-post-thumbnail","hentry","category-eso-1","category-portada"],"post_mailing_queue_ids":[],"_links":{"self":[{"href":"https:\/\/agora.xtec.cat\/iesguinovarda\/wp-json\/wp\/v2\/posts\/5309","targetHints":{"allow":["GET"]}}],"collection":[{"href":"https:\/\/agora.xtec.cat\/iesguinovarda\/wp-json\/wp\/v2\/posts"}],"about":[{"href":"https:\/\/agora.xtec.cat\/iesguinovarda\/wp-json\/wp\/v2\/types\/post"}],"author":[{"embeddable":true,"href":"https:\/\/agora.xtec.cat\/iesguinovarda\/wp-json\/wp\/v2\/users\/5"}],"replies":[{"embeddable":true,"href":"https:\/\/agora.xtec.cat\/iesguinovarda\/wp-json\/wp\/v2\/comments?post=5309"}],"version-history":[{"count":3,"href":"https:\/\/agora.xtec.cat\/iesguinovarda\/wp-json\/wp\/v2\/posts\/5309\/revisions"}],"predecessor-version":[{"id":5323,"href":"https:\/\/agora.xtec.cat\/iesguinovarda\/wp-json\/wp\/v2\/posts\/5309\/revisions\/5323"}],"wp:featuredmedia":[{"embeddable":true,"href":"https:\/\/agora.xtec.cat\/iesguinovarda\/wp-json\/wp\/v2\/media\/5310"}],"wp:attachment":[{"href":"https:\/\/agora.xtec.cat\/iesguinovarda\/wp-json\/wp\/v2\/media?parent=5309"}],"wp:term":[{"taxonomy":"category","embeddable":true,"href":"https:\/\/agora.xtec.cat\/iesguinovarda\/wp-json\/wp\/v2\/categories?post=5309"},{"taxonomy":"post_tag","embeddable":true,"href":"https:\/\/agora.xtec.cat\/iesguinovarda\/wp-json\/wp\/v2\/tags?post=5309"}],"curies":[{"name":"wp","href":"https:\/\/api.w.org\/{rel}","templated":true}]}}