{"id":5303,"date":"2025-01-19T09:39:07","date_gmt":"2025-01-19T08:39:07","guid":{"rendered":"https:\/\/agora.xtec.cat\/iesguinovarda\/?p=5303"},"modified":"2025-01-19T09:39:07","modified_gmt":"2025-01-19T08:39:07","slug":"taller-share-dels-mossos-desquadra-2","status":"publish","type":"post","link":"https:\/\/agora.xtec.cat\/iesguinovarda\/portada\/taller-share-dels-mossos-desquadra-2\/","title":{"rendered":"TALLER SHARE DELS MOSSOS D\u2019ESQUADRA"},"content":{"rendered":"<p>Divendres, 10 de gener, l\u2019alumnat de 1r de Batxillerat va assistitr al taller <em>Share<\/em> organitzat pels Mossos d\u2019Esquadra. Va ser un taller on es va incidir en la protecci\u00f3 civil del dret a l\u2019honor, a la intimitat personal i a la pr\u00f2pia imatge.<br \/>\nEs va conscienciar el jovent sobre els perills i conseq\u00fc\u00e8ncies de la publicaci\u00f3 de continguts personals d\u2019altres persones a les xarxes socials. Tot seguit, es va realitzar una din\u00e0nica de grup que va consistir a comentar i posar en com\u00fa les opinions i idees que sorgien sobre aquest assumpte. Durant aquest proc\u00e9s, es va reflexionar sobre el <em>sexting<\/em>, <em>grooming<\/em>, <em>bullying<\/em> i el dret d\u2019imatge.<\/p>\n<p><a data-flickr-embed=\"true\" href=\"https:\/\/www.flickr.com\/photos\/insguinovarda\/albums\/72177720323279078\" title=\"Taller Share gen. 25 (1BATX)\"><img loading=\"lazy\" decoding=\"async\" src=\"https:\/\/live.staticflickr.com\/65535\/54273659677_d1d28c2c45_z.jpg\" width=\"640\" height=\"480\" alt=\"Taller Share gen. 25 (1BATX)\"\/><\/a><script async src=\"\/\/embedr.flickr.com\/assets\/client-code.js\" charset=\"utf-8\"><\/script><\/p>\n","protected":false},"excerpt":{"rendered":"<p>Divendres, 10 de gener, l\u2019alumnat de 1r de Batxillerat va assistitr al taller Share organitzat pels Mossos d\u2019Esquadra. Va ser un taller on es va incidir en la protecci\u00f3 civil del dret a l\u2019honor, a la intimitat personal i a la pr\u00f2pia imatge.<br \/>\nEs va conscienciar&hellip;  <a href=\"https:\/\/agora.xtec.cat\/iesguinovarda\/portada\/taller-share-dels-mossos-desquadra-2\/\" title=\"Read TALLER SHARE DELS MOSSOS D\u2019ESQUADRA\">Llegeix m\u00e9s\u00bb<\/a><\/p>\n","protected":false},"author":5,"featured_media":5304,"comment_status":"closed","ping_status":"closed","sticky":false,"template":"","format":"standard","meta":{"_bbp_topic_count":0,"_bbp_reply_count":0,"_bbp_total_topic_count":0,"_bbp_total_reply_count":0,"_bbp_voice_count":0,"_bbp_anonymous_reply_count":0,"_bbp_topic_count_hidden":0,"_bbp_reply_count_hidden":0,"_bbp_forum_subforum_count":0,"footnotes":""},"categories":[108,29],"tags":[],"class_list":["post-5303","post","type-post","status-publish","format-standard","has-post-thumbnail","hentry","category-batx-1","category-portada"],"post_mailing_queue_ids":[],"_links":{"self":[{"href":"https:\/\/agora.xtec.cat\/iesguinovarda\/wp-json\/wp\/v2\/posts\/5303","targetHints":{"allow":["GET"]}}],"collection":[{"href":"https:\/\/agora.xtec.cat\/iesguinovarda\/wp-json\/wp\/v2\/posts"}],"about":[{"href":"https:\/\/agora.xtec.cat\/iesguinovarda\/wp-json\/wp\/v2\/types\/post"}],"author":[{"embeddable":true,"href":"https:\/\/agora.xtec.cat\/iesguinovarda\/wp-json\/wp\/v2\/users\/5"}],"replies":[{"embeddable":true,"href":"https:\/\/agora.xtec.cat\/iesguinovarda\/wp-json\/wp\/v2\/comments?post=5303"}],"version-history":[{"count":1,"href":"https:\/\/agora.xtec.cat\/iesguinovarda\/wp-json\/wp\/v2\/posts\/5303\/revisions"}],"predecessor-version":[{"id":5305,"href":"https:\/\/agora.xtec.cat\/iesguinovarda\/wp-json\/wp\/v2\/posts\/5303\/revisions\/5305"}],"wp:featuredmedia":[{"embeddable":true,"href":"https:\/\/agora.xtec.cat\/iesguinovarda\/wp-json\/wp\/v2\/media\/5304"}],"wp:attachment":[{"href":"https:\/\/agora.xtec.cat\/iesguinovarda\/wp-json\/wp\/v2\/media?parent=5303"}],"wp:term":[{"taxonomy":"category","embeddable":true,"href":"https:\/\/agora.xtec.cat\/iesguinovarda\/wp-json\/wp\/v2\/categories?post=5303"},{"taxonomy":"post_tag","embeddable":true,"href":"https:\/\/agora.xtec.cat\/iesguinovarda\/wp-json\/wp\/v2\/tags?post=5303"}],"curies":[{"name":"wp","href":"https:\/\/api.w.org\/{rel}","templated":true}]}}