{"id":5241,"date":"2024-12-31T16:44:40","date_gmt":"2024-12-31T15:44:40","guid":{"rendered":"https:\/\/agora.xtec.cat\/iesguinovarda\/?p=5241"},"modified":"2025-01-15T08:37:23","modified_gmt":"2025-01-15T07:37:23","slug":"la-gran-panera","status":"publish","type":"post","link":"https:\/\/agora.xtec.cat\/iesguinovarda\/general\/la-gran-panera\/","title":{"rendered":"LA GRAN PANERA"},"content":{"rendered":"<p><a href=\"https:\/\/agora.xtec.cat\/iesguinovarda\/wp-content\/uploads\/usu579\/2024\/12\/99621.jpg\"><img loading=\"lazy\" decoding=\"async\" class=\"alignnone size-large wp-image-5242\" src=\"https:\/\/agora.xtec.cat\/iesguinovarda\/wp-content\/uploads\/usu579\/2024\/12\/99621-1024x1024.jpg\" alt=\"\" width=\"1024\" height=\"1024\" srcset=\"https:\/\/agora.xtec.cat\/iesguinovarda\/wp-content\/uploads\/usu579\/2024\/12\/99621-1024x1024.jpg 1024w, https:\/\/agora.xtec.cat\/iesguinovarda\/wp-content\/uploads\/usu579\/2024\/12\/99621-300x300.jpg 300w, https:\/\/agora.xtec.cat\/iesguinovarda\/wp-content\/uploads\/usu579\/2024\/12\/99621-150x150.jpg 150w, https:\/\/agora.xtec.cat\/iesguinovarda\/wp-content\/uploads\/usu579\/2024\/12\/99621-768x768.jpg 768w, https:\/\/agora.xtec.cat\/iesguinovarda\/wp-content\/uploads\/usu579\/2024\/12\/99621.jpg 1080w\" sizes=\"auto, (max-width: 1024px) 100vw, 1024px\" \/><\/a>L&#8217;Institut Guinovarda vol expressar el seu m\u00e9s sincer agra\u00efment a tots els comer\u00e7os de Piera que heu col\u00b7laborat de manera generosa i heu fet possible aquesta espectacular panera per recaptar fons per al viatge de fi de curs de l&#8217;alumnat de 4t d&#8217;ESO.<br \/>\nGr\u00e0cies a la vostra implicaci\u00f3 i suport, l&#8217;hem pogut tirar endavant amb \u00e8xit, i aix\u00f2 ens permetr\u00e0 gaudir d\u2019una experi\u00e8ncia inoblidable que ens acompanyar\u00e0 sempre.<\/p>\n<p><strong>Moltes gr\u00e0cies per fer-ho possible!<\/strong><\/p>\n","protected":false},"excerpt":{"rendered":"<p><a href=\"https:\/\/agora.xtec.cat\/iesguinovarda\/wp-content\/uploads\/usu579\/2024\/12\/99621.jpg\"><\/a>L&#8217;Institut Guinovarda vol expressar el seu m\u00e9s sincer agra\u00efment a tots els comer\u00e7os de Piera que heu col\u00b7laborat de manera generosa i heu fet possible aquesta espectacular panera per recaptar fons per al viatge de fi de curs de l&#8217;alumnat de 4t d&#8217;ESO.<br \/>\nGr\u00e0cies a&hellip;  <a href=\"https:\/\/agora.xtec.cat\/iesguinovarda\/general\/la-gran-panera\/\" title=\"Read LA GRAN PANERA\">Llegeix m\u00e9s\u00bb<\/a><\/p>\n","protected":false},"author":5,"featured_media":5242,"comment_status":"closed","ping_status":"closed","sticky":false,"template":"","format":"standard","meta":{"_bbp_topic_count":0,"_bbp_reply_count":0,"_bbp_total_topic_count":0,"_bbp_total_reply_count":0,"_bbp_voice_count":0,"_bbp_anonymous_reply_count":0,"_bbp_topic_count_hidden":0,"_bbp_reply_count_hidden":0,"_bbp_forum_subforum_count":0,"footnotes":""},"categories":[1,29],"tags":[],"class_list":["post-5241","post","type-post","status-publish","format-standard","has-post-thumbnail","hentry","category-general","category-portada"],"post_mailing_queue_ids":[],"_links":{"self":[{"href":"https:\/\/agora.xtec.cat\/iesguinovarda\/wp-json\/wp\/v2\/posts\/5241","targetHints":{"allow":["GET"]}}],"collection":[{"href":"https:\/\/agora.xtec.cat\/iesguinovarda\/wp-json\/wp\/v2\/posts"}],"about":[{"href":"https:\/\/agora.xtec.cat\/iesguinovarda\/wp-json\/wp\/v2\/types\/post"}],"author":[{"embeddable":true,"href":"https:\/\/agora.xtec.cat\/iesguinovarda\/wp-json\/wp\/v2\/users\/5"}],"replies":[{"embeddable":true,"href":"https:\/\/agora.xtec.cat\/iesguinovarda\/wp-json\/wp\/v2\/comments?post=5241"}],"version-history":[{"count":2,"href":"https:\/\/agora.xtec.cat\/iesguinovarda\/wp-json\/wp\/v2\/posts\/5241\/revisions"}],"predecessor-version":[{"id":5267,"href":"https:\/\/agora.xtec.cat\/iesguinovarda\/wp-json\/wp\/v2\/posts\/5241\/revisions\/5267"}],"wp:featuredmedia":[{"embeddable":true,"href":"https:\/\/agora.xtec.cat\/iesguinovarda\/wp-json\/wp\/v2\/media\/5242"}],"wp:attachment":[{"href":"https:\/\/agora.xtec.cat\/iesguinovarda\/wp-json\/wp\/v2\/media?parent=5241"}],"wp:term":[{"taxonomy":"category","embeddable":true,"href":"https:\/\/agora.xtec.cat\/iesguinovarda\/wp-json\/wp\/v2\/categories?post=5241"},{"taxonomy":"post_tag","embeddable":true,"href":"https:\/\/agora.xtec.cat\/iesguinovarda\/wp-json\/wp\/v2\/tags?post=5241"}],"curies":[{"name":"wp","href":"https:\/\/api.w.org\/{rel}","templated":true}]}}