{"id":5235,"date":"2024-12-30T09:26:05","date_gmt":"2024-12-30T08:26:05","guid":{"rendered":"https:\/\/agora.xtec.cat\/iesguinovarda\/?p=5235"},"modified":"2024-12-30T09:26:05","modified_gmt":"2024-12-30T08:26:05","slug":"comercos-i-mercats-de-barcelona","status":"publish","type":"post","link":"https:\/\/agora.xtec.cat\/iesguinovarda\/portada\/comercos-i-mercats-de-barcelona\/","title":{"rendered":"COMER\u00c7OS I MERCATS DE BARCELONA"},"content":{"rendered":"<p>L\u2019alumnat del Cicle formatiu B\u00e0sic i del Cicle de Grau Mitj\u00e0 de Comer\u00e7 i Log\u00edstica van realitzar una visita al centre de Barcelona per veure diferents tipus de comer\u00e7os, establiments, reclams publicitaris i d\u2019altres aspectes que estudien en el seu pla d\u2019estudis.<\/p>\n<p>Van aprofitar la visita en aquestes dates especials per poder comprovar de m\u00e9s a prop com una ciutat es prepara per l\u2019arribada d\u2019un gran moment, com s\u00f3n les festes nadalenques, relacionat amb el comer\u00e7.<\/p>\n<p><a data-flickr-embed=\"true\" href=\"https:\/\/www.flickr.com\/photos\/insguinovarda\/albums\/72177720322853741\" title=\"Barcelona carrers comercials (12SCOM, 1ACL)\"><img loading=\"lazy\" decoding=\"async\" src=\"https:\/\/live.staticflickr.com\/65535\/54235592504_f458505e75_z.jpg\" width=\"640\" height=\"480\" alt=\"Barcelona carrers comercials (12SCOM, 1ACL)\"\/><\/a><script async src=\"\/\/embedr.flickr.com\/assets\/client-code.js\" charset=\"utf-8\"><\/script><\/p>\n","protected":false},"excerpt":{"rendered":"<p>L\u2019alumnat del Cicle formatiu B\u00e0sic i del Cicle de Grau Mitj\u00e0 de Comer\u00e7 i Log\u00edstica van realitzar una visita al centre de Barcelona per veure diferents tipus de comer\u00e7os, establiments, reclams publicitaris i d\u2019altres aspectes que estudien en el seu pla d\u2019estudis.<br \/>\nVan aprofitar la visita&hellip;  <a href=\"https:\/\/agora.xtec.cat\/iesguinovarda\/portada\/comercos-i-mercats-de-barcelona\/\" title=\"Read COMER\u00c7OS I MERCATS DE BARCELONA\">Llegeix m\u00e9s\u00bb<\/a><\/p>\n","protected":false},"author":5,"featured_media":5236,"comment_status":"closed","ping_status":"closed","sticky":false,"template":"","format":"standard","meta":{"_bbp_topic_count":0,"_bbp_reply_count":0,"_bbp_total_topic_count":0,"_bbp_total_reply_count":0,"_bbp_voice_count":0,"_bbp_anonymous_reply_count":0,"_bbp_topic_count_hidden":0,"_bbp_reply_count_hidden":0,"_bbp_forum_subforum_count":0,"footnotes":""},"categories":[127,117,118,29],"tags":[],"class_list":["post-5235","post","type-post","status-publish","format-standard","has-post-thumbnail","hentry","category-1acl","category-1scom","category-2scom","category-portada"],"post_mailing_queue_ids":[],"_links":{"self":[{"href":"https:\/\/agora.xtec.cat\/iesguinovarda\/wp-json\/wp\/v2\/posts\/5235","targetHints":{"allow":["GET"]}}],"collection":[{"href":"https:\/\/agora.xtec.cat\/iesguinovarda\/wp-json\/wp\/v2\/posts"}],"about":[{"href":"https:\/\/agora.xtec.cat\/iesguinovarda\/wp-json\/wp\/v2\/types\/post"}],"author":[{"embeddable":true,"href":"https:\/\/agora.xtec.cat\/iesguinovarda\/wp-json\/wp\/v2\/users\/5"}],"replies":[{"embeddable":true,"href":"https:\/\/agora.xtec.cat\/iesguinovarda\/wp-json\/wp\/v2\/comments?post=5235"}],"version-history":[{"count":1,"href":"https:\/\/agora.xtec.cat\/iesguinovarda\/wp-json\/wp\/v2\/posts\/5235\/revisions"}],"predecessor-version":[{"id":5237,"href":"https:\/\/agora.xtec.cat\/iesguinovarda\/wp-json\/wp\/v2\/posts\/5235\/revisions\/5237"}],"wp:featuredmedia":[{"embeddable":true,"href":"https:\/\/agora.xtec.cat\/iesguinovarda\/wp-json\/wp\/v2\/media\/5236"}],"wp:attachment":[{"href":"https:\/\/agora.xtec.cat\/iesguinovarda\/wp-json\/wp\/v2\/media?parent=5235"}],"wp:term":[{"taxonomy":"category","embeddable":true,"href":"https:\/\/agora.xtec.cat\/iesguinovarda\/wp-json\/wp\/v2\/categories?post=5235"},{"taxonomy":"post_tag","embeddable":true,"href":"https:\/\/agora.xtec.cat\/iesguinovarda\/wp-json\/wp\/v2\/tags?post=5235"}],"curies":[{"name":"wp","href":"https:\/\/api.w.org\/{rel}","templated":true}]}}