{"id":5212,"date":"2024-12-15T10:31:47","date_gmt":"2024-12-15T09:31:47","guid":{"rendered":"https:\/\/agora.xtec.cat\/iesguinovarda\/?p=5212"},"modified":"2024-12-15T10:31:47","modified_gmt":"2024-12-15T09:31:47","slug":"el-benestar-emocional-es-necessari","status":"publish","type":"post","link":"https:\/\/agora.xtec.cat\/iesguinovarda\/eso\/eso-3\/el-benestar-emocional-es-necessari\/","title":{"rendered":"EL BENESTAR EMOCIONAL \u00c9S NECESSARI"},"content":{"rendered":"<p>L\u2019alumnat de tercer i quart de l\u2019ESO van participar en un taller sobre <em>Benestar emocional i habilitats per a la vida<\/em>.<br \/>\nS\u00f3n uns tallers organitzats per la Diputaci\u00f3 de Barcelona amb l\u2019objectiu de treballar l\u2019autoestima, les habilitats socials, la toler\u00e0ncia a la frustraci\u00f3&#8230; per afavorir el benestar emocional i prevenir possibles malestars a nivell emocional.<br \/>\nDurant els tallers, l\u2019alumnat va con\u00e8ixer quina \u00e9s la relaci\u00f3 entre l\u2019autoestima i el benestar social. Tamb\u00e9 va aprendre a recon\u00e8ixer els malestars emocionals m\u00e9s comuns en l\u2019adolesc\u00e8ncia, com pot afectar l\u2019opini\u00f3 dels altres i com poden influir les xarxes socials.<br \/>\nFinalment, se\u2019l va proporcionar eines per aprendre a identificar i expressar les emocions i sentiments, per prendre decisions de futur i estrat\u00e8gies personals per millorar el benestar emocional.<\/p>\n<p><a data-flickr-embed=\"true\" href=\"https:\/\/www.flickr.com\/photos\/insguinovarda\/albums\/72177720322564796\" title=\"Taller benestar emocional nov.-des. 24 (34ESO)\"><img loading=\"lazy\" decoding=\"async\" src=\"https:\/\/live.staticflickr.com\/65535\/54203031642_cc1b148ca2_z.jpg\" width=\"640\" height=\"480\" alt=\"Taller benestar emocional nov.-des. 24 (34ESO)\"\/><\/a><script async src=\"\/\/embedr.flickr.com\/assets\/client-code.js\" charset=\"utf-8\"><\/script><\/p>\n","protected":false},"excerpt":{"rendered":"<p>L\u2019alumnat de tercer i quart de l\u2019ESO van participar en un taller sobre Benestar emocional i habilitats per a la vida.<br \/>\nS\u00f3n uns tallers organitzats per la Diputaci\u00f3 de Barcelona amb l\u2019objectiu de treballar l\u2019autoestima, les habilitats socials, la toler\u00e0ncia a la frustraci\u00f3&#8230; per afavorir el&hellip;  <a href=\"https:\/\/agora.xtec.cat\/iesguinovarda\/eso\/eso-3\/el-benestar-emocional-es-necessari\/\" title=\"Read EL BENESTAR EMOCIONAL \u00c9S NECESSARI\">Llegeix m\u00e9s\u00bb<\/a><\/p>\n","protected":false},"author":5,"featured_media":5213,"comment_status":"closed","ping_status":"closed","sticky":false,"template":"","format":"standard","meta":{"_bbp_topic_count":0,"_bbp_reply_count":0,"_bbp_total_topic_count":0,"_bbp_total_reply_count":0,"_bbp_voice_count":0,"_bbp_anonymous_reply_count":0,"_bbp_topic_count_hidden":0,"_bbp_reply_count_hidden":0,"_bbp_forum_subforum_count":0,"footnotes":""},"categories":[6,7,29],"tags":[],"class_list":["post-5212","post","type-post","status-publish","format-standard","has-post-thumbnail","hentry","category-eso-3","category-eso-4","category-portada"],"post_mailing_queue_ids":[],"_links":{"self":[{"href":"https:\/\/agora.xtec.cat\/iesguinovarda\/wp-json\/wp\/v2\/posts\/5212","targetHints":{"allow":["GET"]}}],"collection":[{"href":"https:\/\/agora.xtec.cat\/iesguinovarda\/wp-json\/wp\/v2\/posts"}],"about":[{"href":"https:\/\/agora.xtec.cat\/iesguinovarda\/wp-json\/wp\/v2\/types\/post"}],"author":[{"embeddable":true,"href":"https:\/\/agora.xtec.cat\/iesguinovarda\/wp-json\/wp\/v2\/users\/5"}],"replies":[{"embeddable":true,"href":"https:\/\/agora.xtec.cat\/iesguinovarda\/wp-json\/wp\/v2\/comments?post=5212"}],"version-history":[{"count":1,"href":"https:\/\/agora.xtec.cat\/iesguinovarda\/wp-json\/wp\/v2\/posts\/5212\/revisions"}],"predecessor-version":[{"id":5214,"href":"https:\/\/agora.xtec.cat\/iesguinovarda\/wp-json\/wp\/v2\/posts\/5212\/revisions\/5214"}],"wp:featuredmedia":[{"embeddable":true,"href":"https:\/\/agora.xtec.cat\/iesguinovarda\/wp-json\/wp\/v2\/media\/5213"}],"wp:attachment":[{"href":"https:\/\/agora.xtec.cat\/iesguinovarda\/wp-json\/wp\/v2\/media?parent=5212"}],"wp:term":[{"taxonomy":"category","embeddable":true,"href":"https:\/\/agora.xtec.cat\/iesguinovarda\/wp-json\/wp\/v2\/categories?post=5212"},{"taxonomy":"post_tag","embeddable":true,"href":"https:\/\/agora.xtec.cat\/iesguinovarda\/wp-json\/wp\/v2\/tags?post=5212"}],"curies":[{"name":"wp","href":"https:\/\/api.w.org\/{rel}","templated":true}]}}