{"id":5206,"date":"2024-12-10T17:03:33","date_gmt":"2024-12-10T16:03:33","guid":{"rendered":"https:\/\/agora.xtec.cat\/iesguinovarda\/?p=5206"},"modified":"2024-12-10T17:03:33","modified_gmt":"2024-12-10T16:03:33","slug":"una-caputxeta-moderna-al-foment","status":"publish","type":"post","link":"https:\/\/agora.xtec.cat\/iesguinovarda\/eso\/una-caputxeta-moderna-al-foment\/","title":{"rendered":"UNA CAPUTXETA MODERNA AL FOMENT"},"content":{"rendered":"<p>L\u2019alumnat de l\u2019ESO va assistir al Teatre Foment per veure  la representaci\u00f3 d\u2019una versi\u00f3 m\u00e9s alternativa del conte de La caputxeta.<br \/>\nLa posada en escena va comen\u00e7ar amb l\u2019explicaci\u00f3 original del relat, que anava acompanyada d\u2019interrupcions per recordar que cap personatge podia deixar de fer el seu paper per molt rid\u00edcul que fos.<br \/>\nLes can\u00e7ons van acompanyar diverses escenes i alhora van anar eliminat els clix\u00e9s antics i explicant-los: el llenyataire, la mare que l\u2019envia a cada de l\u2019\u00e0via, el llop que ha passat a ser una manada de llops, que estan al voltant de la caputxeta, que va sola pel bosc, perqu\u00e8 els seus amics no l&#8217;han acompanyat a casa despr\u00e9s d\u2019anar de festa, i que podia atreure el perill perqu\u00e8 la seva faldilla era massa curta&#8230;<br \/>\nLa reflexi\u00f3 final de l\u2019obra va ser que encara queda molt per fer, per\u00f2 que la societat \u00e9s a temps encara a temps de millorar-ho tot, i que el jovent d\u2019avui en dia ho t\u00e9 a les seves mans.<\/p>\n<p><a data-flickr-embed=\"true\" href=\"https:\/\/www.flickr.com\/photos\/insguinovarda\/albums\/72177720322479727\" title=\"Teatre Foment: La caputxeta vermella nov. 24 (ESO)\"><img loading=\"lazy\" decoding=\"async\" src=\"https:\/\/live.staticflickr.com\/65535\/54196134305_e9f64a1968_z.jpg\" width=\"640\" height=\"480\" alt=\"Teatre Foment: La caputxeta vermella nov. 24 (ESO)\"\/><\/a><script async src=\"\/\/embedr.flickr.com\/assets\/client-code.js\" charset=\"utf-8\"><\/script><\/p>\n","protected":false},"excerpt":{"rendered":"<p>L\u2019alumnat de l\u2019ESO va assistir al Teatre Foment per veure  la representaci\u00f3 d\u2019una versi\u00f3 m\u00e9s alternativa del conte de La caputxeta.<br \/>\nLa posada en escena va comen\u00e7ar amb l\u2019explicaci\u00f3 original del relat, que anava acompanyada d\u2019interrupcions per recordar que cap personatge podia deixar de fer&hellip;  <a href=\"https:\/\/agora.xtec.cat\/iesguinovarda\/eso\/una-caputxeta-moderna-al-foment\/\" title=\"Read UNA CAPUTXETA MODERNA AL FOMENT\">Llegeix m\u00e9s\u00bb<\/a><\/p>\n","protected":false},"author":5,"featured_media":5207,"comment_status":"closed","ping_status":"closed","sticky":false,"template":"","format":"standard","meta":{"_bbp_topic_count":0,"_bbp_reply_count":0,"_bbp_total_topic_count":0,"_bbp_total_reply_count":0,"_bbp_voice_count":0,"_bbp_anonymous_reply_count":0,"_bbp_topic_count_hidden":0,"_bbp_reply_count_hidden":0,"_bbp_forum_subforum_count":0,"footnotes":""},"categories":[3,29],"tags":[],"class_list":["post-5206","post","type-post","status-publish","format-standard","has-post-thumbnail","hentry","category-eso","category-portada"],"post_mailing_queue_ids":[],"_links":{"self":[{"href":"https:\/\/agora.xtec.cat\/iesguinovarda\/wp-json\/wp\/v2\/posts\/5206","targetHints":{"allow":["GET"]}}],"collection":[{"href":"https:\/\/agora.xtec.cat\/iesguinovarda\/wp-json\/wp\/v2\/posts"}],"about":[{"href":"https:\/\/agora.xtec.cat\/iesguinovarda\/wp-json\/wp\/v2\/types\/post"}],"author":[{"embeddable":true,"href":"https:\/\/agora.xtec.cat\/iesguinovarda\/wp-json\/wp\/v2\/users\/5"}],"replies":[{"embeddable":true,"href":"https:\/\/agora.xtec.cat\/iesguinovarda\/wp-json\/wp\/v2\/comments?post=5206"}],"version-history":[{"count":1,"href":"https:\/\/agora.xtec.cat\/iesguinovarda\/wp-json\/wp\/v2\/posts\/5206\/revisions"}],"predecessor-version":[{"id":5208,"href":"https:\/\/agora.xtec.cat\/iesguinovarda\/wp-json\/wp\/v2\/posts\/5206\/revisions\/5208"}],"wp:featuredmedia":[{"embeddable":true,"href":"https:\/\/agora.xtec.cat\/iesguinovarda\/wp-json\/wp\/v2\/media\/5207"}],"wp:attachment":[{"href":"https:\/\/agora.xtec.cat\/iesguinovarda\/wp-json\/wp\/v2\/media?parent=5206"}],"wp:term":[{"taxonomy":"category","embeddable":true,"href":"https:\/\/agora.xtec.cat\/iesguinovarda\/wp-json\/wp\/v2\/categories?post=5206"},{"taxonomy":"post_tag","embeddable":true,"href":"https:\/\/agora.xtec.cat\/iesguinovarda\/wp-json\/wp\/v2\/tags?post=5206"}],"curies":[{"name":"wp","href":"https:\/\/api.w.org\/{rel}","templated":true}]}}