{"id":5199,"date":"2024-12-06T09:42:15","date_gmt":"2024-12-06T08:42:15","guid":{"rendered":"https:\/\/agora.xtec.cat\/iesguinovarda\/?p=5199"},"modified":"2024-12-06T09:42:15","modified_gmt":"2024-12-06T08:42:15","slug":"la-marato-a-ple-pulmo","status":"publish","type":"post","link":"https:\/\/agora.xtec.cat\/iesguinovarda\/eso\/eso-3\/la-marato-a-ple-pulmo\/","title":{"rendered":"LA MARAT\u00d3 A PLE PULM\u00d3"},"content":{"rendered":"<p>L\u2019alumnat de 3r i 4t d\u2019ESO, PFI, SCOM, CFGM i Batxillerat van assistir a unes sessions divulgatives, impartides per professionals de la salut, per acostar-lo a la realitat m\u00e8dica i humana de les malalties respirat\u00f2ries i despertar el seu esperit solidari envers les persones afectades i les seves fam\u00edlies.<br \/>\nAquesta campanya de sensibilitzaci\u00f3 i divulgaci\u00f3 de La Marat\u00f3 va acostar la salut respirat\u00f2ria a tothom, per\u00f2 va incidir en el jovent perqu\u00e8 s\u00f3n molt sensibles a desenvolupar una malaltia respirat\u00f2ria i  perqu\u00e8 \u00e9s la franja d&#8217;edat m\u00e9s vulnerable per adquirir h\u00e0bits nocius com el tabaquisme o l&#8217;\u00fas de v\u00e0pers.<br \/>\nTamb\u00e9 es va impulsar el coneixement d&#8217;aquestes patologies sobre aspectes com ara les conseq\u00fc\u00e8ncies de la contaminaci\u00f3, el canvi clim\u00e0tic i la promoci\u00f3 d&#8217;h\u00e0bits de vida saludable.<br \/>\nTotes les sessions van anar acompanyades de clips divulgatius amb els testimonis de persones que tenen malalties respirat\u00f2ries. D&#8217;aquesta manera, aquests pacients, amb les limitacions provocades per aquestes malalties, transmeten un missatge de vitalitat i d\u2019esperan\u00e7a per a tothom.<\/p>\n<p><a data-flickr-embed=\"true\" href=\"https:\/\/www.flickr.com\/photos\/insguinovarda\/albums\/72177720322408258\" title=\"La Marat\u00f3 nov. 24 (34ESO, PFI, CFGB, CFGM, BATX)\"><img loading=\"lazy\" decoding=\"async\" src=\"https:\/\/live.staticflickr.com\/65535\/54186367041_ac6297e77d_z.jpg\" width=\"640\" height=\"480\" alt=\"La Marat\u00f3 nov. 24 (34ESO, PFI, CFGB, CFGM, BATX)\"\/><\/a><script async src=\"\/\/embedr.flickr.com\/assets\/client-code.js\" charset=\"utf-8\"><\/script><\/p>\n","protected":false},"excerpt":{"rendered":"<p>L\u2019alumnat de 3r i 4t d\u2019ESO, PFI, SCOM, CFGM i Batxillerat van assistir a unes sessions divulgatives, impartides per professionals de la salut, per acostar-lo a la realitat m\u00e8dica i humana de les malalties respirat\u00f2ries i despertar el seu esperit solidari envers les persones afectades&hellip;  <a href=\"https:\/\/agora.xtec.cat\/iesguinovarda\/eso\/eso-3\/la-marato-a-ple-pulmo\/\" title=\"Read LA MARAT\u00d3 A PLE PULM\u00d3\">Llegeix m\u00e9s\u00bb<\/a><\/p>\n","protected":false},"author":5,"featured_media":5200,"comment_status":"closed","ping_status":"closed","sticky":false,"template":"","format":"standard","meta":{"_bbp_topic_count":0,"_bbp_reply_count":0,"_bbp_total_topic_count":0,"_bbp_total_reply_count":0,"_bbp_voice_count":0,"_bbp_anonymous_reply_count":0,"_bbp_topic_count_hidden":0,"_bbp_reply_count_hidden":0,"_bbp_forum_subforum_count":0,"footnotes":""},"categories":[8,115,30,6,7,119,29],"tags":[],"class_list":["post-5199","post","type-post","status-publish","format-standard","has-post-thumbnail","hentry","category-batxillerat","category-cfgb","category-cicles-formatius","category-eso-3","category-eso-4","category-pfi","category-portada"],"post_mailing_queue_ids":[],"_links":{"self":[{"href":"https:\/\/agora.xtec.cat\/iesguinovarda\/wp-json\/wp\/v2\/posts\/5199","targetHints":{"allow":["GET"]}}],"collection":[{"href":"https:\/\/agora.xtec.cat\/iesguinovarda\/wp-json\/wp\/v2\/posts"}],"about":[{"href":"https:\/\/agora.xtec.cat\/iesguinovarda\/wp-json\/wp\/v2\/types\/post"}],"author":[{"embeddable":true,"href":"https:\/\/agora.xtec.cat\/iesguinovarda\/wp-json\/wp\/v2\/users\/5"}],"replies":[{"embeddable":true,"href":"https:\/\/agora.xtec.cat\/iesguinovarda\/wp-json\/wp\/v2\/comments?post=5199"}],"version-history":[{"count":1,"href":"https:\/\/agora.xtec.cat\/iesguinovarda\/wp-json\/wp\/v2\/posts\/5199\/revisions"}],"predecessor-version":[{"id":5201,"href":"https:\/\/agora.xtec.cat\/iesguinovarda\/wp-json\/wp\/v2\/posts\/5199\/revisions\/5201"}],"wp:featuredmedia":[{"embeddable":true,"href":"https:\/\/agora.xtec.cat\/iesguinovarda\/wp-json\/wp\/v2\/media\/5200"}],"wp:attachment":[{"href":"https:\/\/agora.xtec.cat\/iesguinovarda\/wp-json\/wp\/v2\/media?parent=5199"}],"wp:term":[{"taxonomy":"category","embeddable":true,"href":"https:\/\/agora.xtec.cat\/iesguinovarda\/wp-json\/wp\/v2\/categories?post=5199"},{"taxonomy":"post_tag","embeddable":true,"href":"https:\/\/agora.xtec.cat\/iesguinovarda\/wp-json\/wp\/v2\/tags?post=5199"}],"curies":[{"name":"wp","href":"https:\/\/api.w.org\/{rel}","templated":true}]}}