{"id":5192,"date":"2024-11-30T09:28:24","date_gmt":"2024-11-30T08:28:24","guid":{"rendered":"https:\/\/agora.xtec.cat\/iesguinovarda\/?p=5192"},"modified":"2024-11-30T09:29:45","modified_gmt":"2024-11-30T08:29:45","slug":"15e-aniversari-del-rec","status":"publish","type":"post","link":"https:\/\/agora.xtec.cat\/iesguinovarda\/portada\/15e-aniversari-del-rec\/","title":{"rendered":"15\u00e8  ANIVERSARI DEL REC"},"content":{"rendered":"<p>L\u2019alumnat de primer d\u2019Activitats Comercials i Log\u00edstica van anar a la 15a edici\u00f3 de tardor del festival Rec.0.<br \/>\nNom\u00e9s arribar-hi van dirigir-se al plaf\u00f3 del mapa per visualitzar-ne tot el circuit. Despr\u00e9s van visitar els diversos establiments i tamb\u00e9 van acudir als punts de trobada per rebre qualsevol tipus d\u2019informaci\u00f3.<br \/>\nEl barri del Rec els va oferir l\u2019oportunitat d\u2019ampliar els seus coneixements sobre el marxandatge i informar-se sobre tots els altres serveis addicionals, com les foodtrucks.<br \/>\nDurant la visita, van realitzar un recull de fotografies sobre els tipus de mobles, la seva disposici\u00f3 a la botiga, exemples de senyal\u00edstica, de cartells promocionals, descomptes&#8230;<br \/>\nAquesta tasca de recopilaci\u00f3 d\u2019informaci\u00f3 els servir\u00e0 per realitzar un treball expositiu i d&#8217;opini\u00f3.<\/p>\n<p><a data-flickr-embed=\"true\" href=\"https:\/\/www.flickr.com\/photos\/insguinovarda\/albums\/72177720322256960\" title=\"REC Igualada nov. 24 (1ACL)\"><img loading=\"lazy\" decoding=\"async\" src=\"https:\/\/live.staticflickr.com\/65535\/54173842914_76533e3a87_z.jpg\" width=\"640\" height=\"480\" alt=\"REC Igualada nov. 24 (1ACL)\"\/><\/a><script async src=\"\/\/embedr.flickr.com\/assets\/client-code.js\" charset=\"utf-8\"><\/script><\/p>\n","protected":false},"excerpt":{"rendered":"<p>L\u2019alumnat de primer d\u2019Activitats Comercials i Log\u00edstica van anar a la 15a edici\u00f3 de tardor del festival Rec.0.<br \/>\nNom\u00e9s arribar-hi van dirigir-se al plaf\u00f3 del mapa per visualitzar-ne tot el circuit. Despr\u00e9s van visitar els diversos establiments i tamb\u00e9 van acudir als punts de trobada per&hellip;  <a href=\"https:\/\/agora.xtec.cat\/iesguinovarda\/portada\/15e-aniversari-del-rec\/\" title=\"Read 15\u00e8  ANIVERSARI DEL REC\">Llegeix m\u00e9s\u00bb<\/a><\/p>\n","protected":false},"author":5,"featured_media":5193,"comment_status":"closed","ping_status":"closed","sticky":false,"template":"","format":"standard","meta":{"_bbp_topic_count":0,"_bbp_reply_count":0,"_bbp_total_topic_count":0,"_bbp_total_reply_count":0,"_bbp_voice_count":0,"_bbp_anonymous_reply_count":0,"_bbp_topic_count_hidden":0,"_bbp_reply_count_hidden":0,"_bbp_forum_subforum_count":0,"footnotes":""},"categories":[127,29],"tags":[],"class_list":["post-5192","post","type-post","status-publish","format-standard","has-post-thumbnail","hentry","category-1acl","category-portada"],"post_mailing_queue_ids":[],"_links":{"self":[{"href":"https:\/\/agora.xtec.cat\/iesguinovarda\/wp-json\/wp\/v2\/posts\/5192","targetHints":{"allow":["GET"]}}],"collection":[{"href":"https:\/\/agora.xtec.cat\/iesguinovarda\/wp-json\/wp\/v2\/posts"}],"about":[{"href":"https:\/\/agora.xtec.cat\/iesguinovarda\/wp-json\/wp\/v2\/types\/post"}],"author":[{"embeddable":true,"href":"https:\/\/agora.xtec.cat\/iesguinovarda\/wp-json\/wp\/v2\/users\/5"}],"replies":[{"embeddable":true,"href":"https:\/\/agora.xtec.cat\/iesguinovarda\/wp-json\/wp\/v2\/comments?post=5192"}],"version-history":[{"count":2,"href":"https:\/\/agora.xtec.cat\/iesguinovarda\/wp-json\/wp\/v2\/posts\/5192\/revisions"}],"predecessor-version":[{"id":5195,"href":"https:\/\/agora.xtec.cat\/iesguinovarda\/wp-json\/wp\/v2\/posts\/5192\/revisions\/5195"}],"wp:featuredmedia":[{"embeddable":true,"href":"https:\/\/agora.xtec.cat\/iesguinovarda\/wp-json\/wp\/v2\/media\/5193"}],"wp:attachment":[{"href":"https:\/\/agora.xtec.cat\/iesguinovarda\/wp-json\/wp\/v2\/media?parent=5192"}],"wp:term":[{"taxonomy":"category","embeddable":true,"href":"https:\/\/agora.xtec.cat\/iesguinovarda\/wp-json\/wp\/v2\/categories?post=5192"},{"taxonomy":"post_tag","embeddable":true,"href":"https:\/\/agora.xtec.cat\/iesguinovarda\/wp-json\/wp\/v2\/tags?post=5192"}],"curies":[{"name":"wp","href":"https:\/\/api.w.org\/{rel}","templated":true}]}}