{"id":5185,"date":"2024-11-06T23:14:54","date_gmt":"2024-11-06T22:14:54","guid":{"rendered":"https:\/\/agora.xtec.cat\/iesguinovarda\/?p=5185"},"modified":"2024-11-06T23:16:53","modified_gmt":"2024-11-06T22:16:53","slug":"celebracio-del-dia-de-les-dones-escriptores","status":"publish","type":"post","link":"https:\/\/agora.xtec.cat\/iesguinovarda\/eso\/eso-4\/celebracio-del-dia-de-les-dones-escriptores\/","title":{"rendered":"CELEBRACI\u00d3 DEL DIA DE LES DONES ESCRIPTORES"},"content":{"rendered":"<p>CELEBRACI\u00d3 DEL DIA DE LES DONES ESCRIPTORES<\/p>\n<p>El 14 d&#8217;octubre es va celebrar el Dia de les Dones Escriptores. \u00c9s una celebraci\u00f3 de car\u00e0cter anual, que es convoca des de 2016, en commemoraci\u00f3 de la mort de l&#8217;escriptora Santa Teresa de Jes\u00fas.<\/p>\n<p>Des d&#8217;Expressi\u00f3 Art\u00edstica de 4t de l&#8217; ESO, dins la SA de Disseny gr\u00e0fic, van homenatjar les dones escriptores, per fer-les visibles i donar la import\u00e0ncia que es mereixen en la seva aportaci\u00f3 en el m\u00f3n de l&#8217;art i la cultura.<\/p>\n<p>Van treballar tamb\u00e9 la perspectiva de g\u00e8nere, explicant que al llarg de la hist\u00f2ria, moltes d&#8217;aquestes dones s&#8217;amagaven sota pseud\u00f2nims per poder publicar i no ser perseguides o q\u00fcestionades socialment. Van parlar, entre d&#8217;altres, de l&#8217;escriptora J.K. Rowling (autora de &#8220;Harry Potter&#8221;), que firma amb inicials (i no amb el seu nom sencer) per aquest motiu (encara avui dia).<\/p>\n<p>Els estudiants van elaborar treballs amb par\u00e0grafs dels relats de diferents autores i van crear dibuixos inspirats en la seva obra.<\/p>\n<p><a data-flickr-embed=\"true\" href=\"https:\/\/www.flickr.com\/photos\/insguinovarda\/albums\/72177720321755632\" title=\"Dia de la Dona Escriptora oct. 24 (4ESO)\"><img loading=\"lazy\" decoding=\"async\" src=\"https:\/\/live.staticflickr.com\/65535\/54122215975_b0705542cf_z.jpg\" width=\"640\" height=\"480\" alt=\"Dia de la Dona Escriptora oct. 24 (4ESO)\"\/><\/a><script async src=\"\/\/embedr.flickr.com\/assets\/client-code.js\" charset=\"utf-8\"><\/script><\/p>\n","protected":false},"excerpt":{"rendered":"<p>CELEBRACI\u00d3 DEL DIA DE LES DONES ESCRIPTORES<br \/>\nEl 14 d&#8217;octubre es va celebrar el Dia de les Dones Escriptores. \u00c9s una celebraci\u00f3 de car\u00e0cter anual, que es convoca des de 2016, en commemoraci\u00f3 de la mort de l&#8217;escriptora Santa Teresa de Jes\u00fas.<br \/>\nDes d&#8217;Expressi\u00f3 Art\u00edstica de 4t&hellip;  <a href=\"https:\/\/agora.xtec.cat\/iesguinovarda\/eso\/eso-4\/celebracio-del-dia-de-les-dones-escriptores\/\" title=\"Read CELEBRACI\u00d3 DEL DIA DE LES DONES ESCRIPTORES\">Llegeix m\u00e9s\u00bb<\/a><\/p>\n","protected":false},"author":5,"featured_media":5187,"comment_status":"closed","ping_status":"closed","sticky":false,"template":"","format":"standard","meta":{"_bbp_topic_count":0,"_bbp_reply_count":0,"_bbp_total_topic_count":0,"_bbp_total_reply_count":0,"_bbp_voice_count":0,"_bbp_anonymous_reply_count":0,"_bbp_topic_count_hidden":0,"_bbp_reply_count_hidden":0,"_bbp_forum_subforum_count":0,"footnotes":""},"categories":[7,29],"tags":[],"class_list":["post-5185","post","type-post","status-publish","format-standard","has-post-thumbnail","hentry","category-eso-4","category-portada"],"post_mailing_queue_ids":[],"_links":{"self":[{"href":"https:\/\/agora.xtec.cat\/iesguinovarda\/wp-json\/wp\/v2\/posts\/5185","targetHints":{"allow":["GET"]}}],"collection":[{"href":"https:\/\/agora.xtec.cat\/iesguinovarda\/wp-json\/wp\/v2\/posts"}],"about":[{"href":"https:\/\/agora.xtec.cat\/iesguinovarda\/wp-json\/wp\/v2\/types\/post"}],"author":[{"embeddable":true,"href":"https:\/\/agora.xtec.cat\/iesguinovarda\/wp-json\/wp\/v2\/users\/5"}],"replies":[{"embeddable":true,"href":"https:\/\/agora.xtec.cat\/iesguinovarda\/wp-json\/wp\/v2\/comments?post=5185"}],"version-history":[{"count":2,"href":"https:\/\/agora.xtec.cat\/iesguinovarda\/wp-json\/wp\/v2\/posts\/5185\/revisions"}],"predecessor-version":[{"id":5188,"href":"https:\/\/agora.xtec.cat\/iesguinovarda\/wp-json\/wp\/v2\/posts\/5185\/revisions\/5188"}],"wp:featuredmedia":[{"embeddable":true,"href":"https:\/\/agora.xtec.cat\/iesguinovarda\/wp-json\/wp\/v2\/media\/5187"}],"wp:attachment":[{"href":"https:\/\/agora.xtec.cat\/iesguinovarda\/wp-json\/wp\/v2\/media?parent=5185"}],"wp:term":[{"taxonomy":"category","embeddable":true,"href":"https:\/\/agora.xtec.cat\/iesguinovarda\/wp-json\/wp\/v2\/categories?post=5185"},{"taxonomy":"post_tag","embeddable":true,"href":"https:\/\/agora.xtec.cat\/iesguinovarda\/wp-json\/wp\/v2\/tags?post=5185"}],"curies":[{"name":"wp","href":"https:\/\/api.w.org\/{rel}","templated":true}]}}