{"id":5162,"date":"2024-10-20T23:10:01","date_gmt":"2024-10-20T21:10:01","guid":{"rendered":"https:\/\/agora.xtec.cat\/iesguinovarda\/?p=5162"},"modified":"2024-10-20T23:10:01","modified_gmt":"2024-10-20T21:10:01","slug":"montserrat-es-vesteix-de-taronja-2","status":"publish","type":"post","link":"https:\/\/agora.xtec.cat\/iesguinovarda\/eso\/eso-3\/montserrat-es-vesteix-de-taronja-2\/","title":{"rendered":"MONTSERRAT ES VESTEIX DE TARONJA"},"content":{"rendered":"<p>Divendres, 11 d\u2019octubre, l\u2019alumnat de 3r d\u2019ESO i 1r de Serveis Comercials van gaudir d\u2019una sortida a Montserrat. Van comen\u00e7ar la pujada des de les Coves del Salnitre, pel cam\u00ed de les Feixades, fins arribar al Monestir de Montserrat.<br \/>\nDes de l\u2019institut s\u2019organitza aquesta excursi\u00f3 per conscienciar-los sobre la bellesa de l\u2019entorn, gaudir de l\u2019activitat f\u00edsica a la natura i passar el dia envoltats dels companys i companyes de curs.<br \/>\nEl bon temps va ser un espl\u00e8ndid company de ruta i va fer m\u00e9s f\u00e0cil poder recrear-se amb els camins i la natura.<\/p>\n<p><a data-flickr-embed=\"true\" href=\"https:\/\/www.flickr.com\/photos\/insguinovarda\/albums\/72177720321378853\" title=\"Montserrat (3ESO, 1SCOM)\"><img loading=\"lazy\" decoding=\"async\" src=\"https:\/\/live.staticflickr.com\/65535\/54081368063_a6701a453e_z.jpg\" width=\"640\" height=\"480\" alt=\"Montserrat (3ESO, 1SCOM)\"\/><\/a><script async src=\"\/\/embedr.flickr.com\/assets\/client-code.js\" charset=\"utf-8\"><\/script><\/p>\n","protected":false},"excerpt":{"rendered":"<p>Divendres, 11 d\u2019octubre, l\u2019alumnat de 3r d\u2019ESO i 1r de Serveis Comercials van gaudir d\u2019una sortida a Montserrat. Van comen\u00e7ar la pujada des de les Coves del Salnitre, pel cam\u00ed de les Feixades, fins arribar al Monestir de Montserrat.<br \/>\nDes de l\u2019institut s\u2019organitza aquesta excursi\u00f3 per&hellip;  <a href=\"https:\/\/agora.xtec.cat\/iesguinovarda\/eso\/eso-3\/montserrat-es-vesteix-de-taronja-2\/\" title=\"Read MONTSERRAT ES VESTEIX DE TARONJA\">Llegeix m\u00e9s\u00bb<\/a><\/p>\n","protected":false},"author":5,"featured_media":5163,"comment_status":"closed","ping_status":"closed","sticky":false,"template":"","format":"standard","meta":{"_bbp_topic_count":0,"_bbp_reply_count":0,"_bbp_total_topic_count":0,"_bbp_total_reply_count":0,"_bbp_voice_count":0,"_bbp_anonymous_reply_count":0,"_bbp_topic_count_hidden":0,"_bbp_reply_count_hidden":0,"_bbp_forum_subforum_count":0,"footnotes":""},"categories":[117,6,29],"tags":[],"class_list":["post-5162","post","type-post","status-publish","format-standard","has-post-thumbnail","hentry","category-1scom","category-eso-3","category-portada"],"post_mailing_queue_ids":[],"_links":{"self":[{"href":"https:\/\/agora.xtec.cat\/iesguinovarda\/wp-json\/wp\/v2\/posts\/5162","targetHints":{"allow":["GET"]}}],"collection":[{"href":"https:\/\/agora.xtec.cat\/iesguinovarda\/wp-json\/wp\/v2\/posts"}],"about":[{"href":"https:\/\/agora.xtec.cat\/iesguinovarda\/wp-json\/wp\/v2\/types\/post"}],"author":[{"embeddable":true,"href":"https:\/\/agora.xtec.cat\/iesguinovarda\/wp-json\/wp\/v2\/users\/5"}],"replies":[{"embeddable":true,"href":"https:\/\/agora.xtec.cat\/iesguinovarda\/wp-json\/wp\/v2\/comments?post=5162"}],"version-history":[{"count":1,"href":"https:\/\/agora.xtec.cat\/iesguinovarda\/wp-json\/wp\/v2\/posts\/5162\/revisions"}],"predecessor-version":[{"id":5164,"href":"https:\/\/agora.xtec.cat\/iesguinovarda\/wp-json\/wp\/v2\/posts\/5162\/revisions\/5164"}],"wp:featuredmedia":[{"embeddable":true,"href":"https:\/\/agora.xtec.cat\/iesguinovarda\/wp-json\/wp\/v2\/media\/5163"}],"wp:attachment":[{"href":"https:\/\/agora.xtec.cat\/iesguinovarda\/wp-json\/wp\/v2\/media?parent=5162"}],"wp:term":[{"taxonomy":"category","embeddable":true,"href":"https:\/\/agora.xtec.cat\/iesguinovarda\/wp-json\/wp\/v2\/categories?post=5162"},{"taxonomy":"post_tag","embeddable":true,"href":"https:\/\/agora.xtec.cat\/iesguinovarda\/wp-json\/wp\/v2\/tags?post=5162"}],"curies":[{"name":"wp","href":"https:\/\/api.w.org\/{rel}","templated":true}]}}