{"id":5151,"date":"2024-10-10T11:24:24","date_gmt":"2024-10-10T09:24:24","guid":{"rendered":"https:\/\/agora.xtec.cat\/iesguinovarda\/?p=5151"},"modified":"2024-11-11T12:44:15","modified_gmt":"2024-11-11T11:44:15","slug":"vaga-destudiants-divendres-11-doctubre","status":"publish","type":"post","link":"https:\/\/agora.xtec.cat\/iesguinovarda\/portada\/vaga-destudiants-divendres-11-doctubre\/","title":{"rendered":"VAGA D&#8217;ESTUDIANTS DIVENDRES 11 D&#8217;OCTUBRE"},"content":{"rendered":"<div>Hi ha convocada una\u00a0<strong><span class=\"il\">vaga<\/span> d&#8217;estudiants<\/strong> per al divendres 11 d&#8217;octubre.<\/div>\n<div><\/div>\n<div>\n<p><strong>L\u2019alumnat de 1r i 2n d\u2019ESO no t\u00e9 dret a fer\u00a0<\/strong><strong>vaga<\/strong>\u00a0segons la normativa vigent.<\/p>\n<p>Han demanat fer la vaga seguint el protocol establert pel centre i, per tant, poden fer-la:<\/p>\n<p>Tots els grups de 4t d\u2019ESO, Batxillerat, TAPSD, SMX, 2n de SCOM i PFIs.<\/p>\n<p>Recordem que el dret de fer vaga \u00e9s individual i que malgrat que el grup classe hagi decidit donar suport a la vaga,<strong>\u00a0cada alumne i fam\u00edlia pot decidir si exerceix aquest dret i, per tant, si assisteix a classe o no,<\/strong>\u00a0sempre que el seu grup tingui la vaga autoritzada.<\/p>\n<p>Els alumnes de 3r, 4t d\u2019ESO i SCOM necessiten autoritzaci\u00f3 dels pares, mares o tutors legals per poder justificar aquesta falta com a vaga, per tant s\u2019haur\u00e0 de justificar <strong>als tutors\/es<\/strong> preferiblement a trav\u00e9s d\u2019ieduca o via correu electr\u00f2nic, en cas contrari constar\u00e0 com a falta no justificada.<\/p>\n<p><strong>Les classes pels alumnes que assisteixin al centre es duran a terme amb normalitat.<\/strong>\u00a0El professorat pot decidir si avan\u00e7a o no mat\u00e8ria, per\u00f2 no es pot perjudicar de cap manera la nota dels alumnes que exerceixen el dret a vaga.<\/p>\n<p>El servei de transport funcionar\u00e0 amb normalitat.<\/p>\n<\/div>\n","protected":false},"excerpt":{"rendered":"<p>Hi ha convocada una\u00a0vaga d&#8217;estudiants per al divendres 11 d&#8217;octubre.<\/p>\n<p>L\u2019alumnat de 1r i 2n d\u2019ESO no t\u00e9 dret a fer\u00a0vaga\u00a0segons la normativa vigent.<br \/>\nHan demanat fer la vaga seguint el protocol establert pel centre i, per tant, poden fer-la:<br \/>\nTots els grups de 4t d\u2019ESO, Batxillerat, TAPSD,&hellip;  <a href=\"https:\/\/agora.xtec.cat\/iesguinovarda\/portada\/vaga-destudiants-divendres-11-doctubre\/\" title=\"Read VAGA D&#8217;ESTUDIANTS DIVENDRES 11 D&#8217;OCTUBRE\">Llegeix m\u00e9s\u00bb<\/a><\/p>\n","protected":false},"author":3,"featured_media":0,"comment_status":"closed","ping_status":"closed","sticky":false,"template":"","format":"standard","meta":{"_bbp_topic_count":0,"_bbp_reply_count":0,"_bbp_total_topic_count":0,"_bbp_total_reply_count":0,"_bbp_voice_count":0,"_bbp_anonymous_reply_count":0,"_bbp_topic_count_hidden":0,"_bbp_reply_count_hidden":0,"_bbp_forum_subforum_count":0,"footnotes":""},"categories":[29],"tags":[],"class_list":["post-5151","post","type-post","status-publish","format-standard","hentry","category-portada"],"post_mailing_queue_ids":[],"_links":{"self":[{"href":"https:\/\/agora.xtec.cat\/iesguinovarda\/wp-json\/wp\/v2\/posts\/5151","targetHints":{"allow":["GET"]}}],"collection":[{"href":"https:\/\/agora.xtec.cat\/iesguinovarda\/wp-json\/wp\/v2\/posts"}],"about":[{"href":"https:\/\/agora.xtec.cat\/iesguinovarda\/wp-json\/wp\/v2\/types\/post"}],"author":[{"embeddable":true,"href":"https:\/\/agora.xtec.cat\/iesguinovarda\/wp-json\/wp\/v2\/users\/3"}],"replies":[{"embeddable":true,"href":"https:\/\/agora.xtec.cat\/iesguinovarda\/wp-json\/wp\/v2\/comments?post=5151"}],"version-history":[{"count":3,"href":"https:\/\/agora.xtec.cat\/iesguinovarda\/wp-json\/wp\/v2\/posts\/5151\/revisions"}],"predecessor-version":[{"id":5154,"href":"https:\/\/agora.xtec.cat\/iesguinovarda\/wp-json\/wp\/v2\/posts\/5151\/revisions\/5154"}],"wp:attachment":[{"href":"https:\/\/agora.xtec.cat\/iesguinovarda\/wp-json\/wp\/v2\/media?parent=5151"}],"wp:term":[{"taxonomy":"category","embeddable":true,"href":"https:\/\/agora.xtec.cat\/iesguinovarda\/wp-json\/wp\/v2\/categories?post=5151"},{"taxonomy":"post_tag","embeddable":true,"href":"https:\/\/agora.xtec.cat\/iesguinovarda\/wp-json\/wp\/v2\/tags?post=5151"}],"curies":[{"name":"wp","href":"https:\/\/api.w.org\/{rel}","templated":true}]}}