{"id":5042,"date":"2024-06-29T10:16:41","date_gmt":"2024-06-29T08:16:41","guid":{"rendered":"https:\/\/agora.xtec.cat\/iesguinovarda\/?p=5042"},"modified":"2024-06-29T10:16:41","modified_gmt":"2024-06-29T08:16:41","slug":"de-barcelona-a-roma-en-ferri","status":"publish","type":"post","link":"https:\/\/agora.xtec.cat\/iesguinovarda\/portada\/de-barcelona-a-roma-en-ferri\/","title":{"rendered":"DE BARCELONA A ROMA EN FERRI"},"content":{"rendered":"<p>L\u2019alumnat de segon de Batxillerat va tancar el curs amb un viatge a Roma, la <em>citt\u00e0 eterna<\/em>, en ferri. Van embarcar el dilluns, 17 de juny, i van tornar el dissabte.<br \/>\nL\u2019arribada va ser al port de Civitaveccia i es van allotjar a l\u2019Hotel Archimede, van sopar al Ristorante Archi Romani i van acabar el dia amb una passejada nocturna pels carrers de Roma.<br \/>\nDurant la seva estada a la ciutat romana, van visitar els seus llocs m\u00e9s emblem\u00e0tics com el F\u00f2rum, el Coliseu, el Pante\u00f3 d\u2019Agripa, la Fontana de Trevi, la Pla\u00e7a de Sant Pere, el Castell de Sant Angelo, el barri de Trastevere&#8230;<br \/>\nA la tornada, van passar el dia al ferri i van poder gaudir de les seves instal\u00b7lacions i de les activitats que s&#8217;hi van organitzar.<\/p>\n<p><a data-flickr-embed=\"true\" href=\"https:\/\/www.flickr.com\/photos\/insguinovarda\/albums\/72177720318353019\" title=\"Viatge a Roma-24 (2BATX)\"><img loading=\"lazy\" decoding=\"async\" src=\"https:\/\/live.staticflickr.com\/65535\/53822959086_73289770a2.jpg\" width=\"640\" height=\"480\" alt=\"Viatge a Roma-24 (2BATX)\"\/><\/a><script async src=\"\/\/embedr.flickr.com\/assets\/client-code.js\" charset=\"utf-8\"><\/script><\/p>\n","protected":false},"excerpt":{"rendered":"<p>L\u2019alumnat de segon de Batxillerat va tancar el curs amb un viatge a Roma, la citt\u00e0 eterna, en ferri. Van embarcar el dilluns, 17 de juny, i van tornar el dissabte.<br \/>\nL\u2019arribada va ser al port de Civitaveccia i es van allotjar a l\u2019Hotel Archimede, van&hellip;  <a href=\"https:\/\/agora.xtec.cat\/iesguinovarda\/portada\/de-barcelona-a-roma-en-ferri\/\" title=\"Read DE BARCELONA A ROMA EN FERRI\">Llegeix m\u00e9s\u00bb<\/a><\/p>\n","protected":false},"author":5,"featured_media":5043,"comment_status":"closed","ping_status":"closed","sticky":false,"template":"","format":"standard","meta":{"_bbp_topic_count":0,"_bbp_reply_count":0,"_bbp_total_topic_count":0,"_bbp_total_reply_count":0,"_bbp_voice_count":0,"_bbp_anonymous_reply_count":0,"_bbp_topic_count_hidden":0,"_bbp_reply_count_hidden":0,"_bbp_forum_subforum_count":0,"footnotes":""},"categories":[109,29],"tags":[],"class_list":["post-5042","post","type-post","status-publish","format-standard","has-post-thumbnail","hentry","category-batx-2","category-portada"],"post_mailing_queue_ids":[],"_links":{"self":[{"href":"https:\/\/agora.xtec.cat\/iesguinovarda\/wp-json\/wp\/v2\/posts\/5042","targetHints":{"allow":["GET"]}}],"collection":[{"href":"https:\/\/agora.xtec.cat\/iesguinovarda\/wp-json\/wp\/v2\/posts"}],"about":[{"href":"https:\/\/agora.xtec.cat\/iesguinovarda\/wp-json\/wp\/v2\/types\/post"}],"author":[{"embeddable":true,"href":"https:\/\/agora.xtec.cat\/iesguinovarda\/wp-json\/wp\/v2\/users\/5"}],"replies":[{"embeddable":true,"href":"https:\/\/agora.xtec.cat\/iesguinovarda\/wp-json\/wp\/v2\/comments?post=5042"}],"version-history":[{"count":1,"href":"https:\/\/agora.xtec.cat\/iesguinovarda\/wp-json\/wp\/v2\/posts\/5042\/revisions"}],"predecessor-version":[{"id":5044,"href":"https:\/\/agora.xtec.cat\/iesguinovarda\/wp-json\/wp\/v2\/posts\/5042\/revisions\/5044"}],"wp:featuredmedia":[{"embeddable":true,"href":"https:\/\/agora.xtec.cat\/iesguinovarda\/wp-json\/wp\/v2\/media\/5043"}],"wp:attachment":[{"href":"https:\/\/agora.xtec.cat\/iesguinovarda\/wp-json\/wp\/v2\/media?parent=5042"}],"wp:term":[{"taxonomy":"category","embeddable":true,"href":"https:\/\/agora.xtec.cat\/iesguinovarda\/wp-json\/wp\/v2\/categories?post=5042"},{"taxonomy":"post_tag","embeddable":true,"href":"https:\/\/agora.xtec.cat\/iesguinovarda\/wp-json\/wp\/v2\/tags?post=5042"}],"curies":[{"name":"wp","href":"https:\/\/api.w.org\/{rel}","templated":true}]}}