{"id":5026,"date":"2024-06-21T11:25:51","date_gmt":"2024-06-21T09:25:51","guid":{"rendered":"https:\/\/agora.xtec.cat\/iesguinovarda\/?p=5026"},"modified":"2024-06-21T11:51:11","modified_gmt":"2024-06-21T09:51:11","slug":"transport-escolar-curs-2024-2025","status":"publish","type":"post","link":"https:\/\/agora.xtec.cat\/iesguinovarda\/general\/transport-escolar-curs-2024-2025\/","title":{"rendered":"TRANSPORT ESCOLAR CURS 2024\/2025"},"content":{"rendered":"<p><img loading=\"lazy\" decoding=\"async\" class=\"alignnone size-full wp-image-5027\" src=\"https:\/\/agora.xtec.cat\/iesguinovarda\/wp-content\/uploads\/usu579\/2024\/06\/bus-297159_1280.png\" alt=\"\" width=\"800\" height=\"429\" srcset=\"https:\/\/agora.xtec.cat\/iesguinovarda\/wp-content\/uploads\/usu579\/2024\/06\/bus-297159_1280.png 800w, https:\/\/agora.xtec.cat\/iesguinovarda\/wp-content\/uploads\/usu579\/2024\/06\/bus-297159_1280-300x161.png 300w, https:\/\/agora.xtec.cat\/iesguinovarda\/wp-content\/uploads\/usu579\/2024\/06\/bus-297159_1280-768x412.png 768w\" sizes=\"auto, (max-width: 800px) 100vw, 800px\" \/><\/p>\n<div>\n<div>Benvolgudes fam\u00edlies,<\/div>\n<div><\/div>\n<div>En data d&#8217;avui, 20\u00a0de juny, iniciem el termini per la presentaci\u00f3 de les sol\u00b7licituds\u00a0<b>del servei de transport escolar i el menjador obligatori per al curs 2024-2025.<\/b><\/div>\n<div><\/div>\n<div>El per\u00edode per fer aquesta gesti\u00f3 anir\u00e0<b>\u00a0del 20 de juny fins el 28 de juliol.\u00a0<\/b>A partir d&#8217;aquesta data les sol\u00b7licituds que puguin arribar, pel servei de transport escolar, quedaran en llista d&#8217;espera en<\/div>\n<div><\/div>\n<div>funci\u00f3 de les places que tinguem disponibles.<\/div>\n<div><\/div>\n<div>Un cop revisades totes les sol\u00b7licituds,\u00a0<u>a primers de setembre i abans de l&#8217;inici del curs escolar,<\/u><b>\u00a0<\/b>us\u00a0enviarem un correu de confirmaci\u00f3 de la pla\u00e7a.<\/div>\n<div><\/div>\n<div>El funcionament ser\u00e0 el mateix que el curs passat, accedint a la nostra p\u00e0gina web, clicant al seg\u00fcent enlla\u00e7:<\/div>\n<div><\/div>\n<div><\/div>\n<div>\u2002\u2002\u2002\u2002\u2002\u2002\u2002\u2002\u2002\u2002\u2002\u2002\u2002\u2002\u2002\u2002\u2002\u2002\u2002\u2002\u2002\u2002\u2002\u2002\u2002\u2002\u2002\u2002\u2002\u2002\u2002\u2002\u2002\u2002\u2002\u2002\u2002\u2002\u2002\u2002\u2002\u2002<a id=\"m_1849835075345849065OWAc3412753-8148-a6a4-88d0-a49ce54a4dfa\" href=\"https:\/\/www.anoia.cat\/departaments\/ensenyament\/sollicitud-transport-escolar\/\" target=\"_blank\" rel=\"noopener\" data-saferedirecturl=\"https:\/\/www.google.com\/url?q=https:\/\/www.anoia.cat\/departaments\/ensenyament\/sollicitud-transport-escolar\/&amp;source=gmail&amp;ust=1719041850718000&amp;usg=AOvVaw2kqf_P4Yq07Fw9Nz96sVZP\">https:\/\/www.anoia.cat\/<wbr \/>departaments\/ensenyament\/<wbr \/>sollicitud-transport-escolar\/<\/a><\/div>\n<div><\/div>\n<div><\/div>\n<div>Aqu\u00ed tamb\u00e9 trobareu el reglament, el llistat de les rutes i una guia de tramitaci\u00f3.\u00a0Aconsellem que primer es llegeixen el reglament i la guia de tramitaci\u00f3 per resoldre els possibles dubtes que<\/div>\n<div><\/div>\n<div>puguin sorgir.<\/div>\n<div><\/div>\n<div><b><u>*TRANSPORT ESCOLAR<\/u>\u00a0<\/b><\/div>\n<div><\/div>\n<div>Hi haur\u00e0\u00a0dues\u00a0opcions:<\/div>\n<div><\/div>\n<div><b>\u00a0<\/b><\/div>\n<div><b>1.<\/b>\u00a0\u00a0<b>RENOVAR SOL.LICITUD CURS 2023-2024 :<\/b>\u00a0Per fam\u00edlies que ja tenien el servei. Hauran d&#8217;accedir amb:<\/div>\n<div><\/div>\n<div><b>\u00a0 \u00a0 \u00a0 \u00a0 \u00a0 &#8211; DNI\/NIF\/PASSAPORT de la persona que el va sol\u00b7licitar el curs passat .<\/b><\/div>\n<div><b>\u00a0<\/b><\/div>\n<div><b>\u00a0 \u00a0 \u00a0 \u00a0 \u00a0 &#8211; IDALU d\u2019un dels alumnes pel qual es necessiti el servei. \u00c9s el n\u00famero d&#8217;identificaci\u00f3 de l&#8217;alumne. El trobareu a la sol.licitud del curs passat o al butllet\u00ed de notes.<\/b><\/div>\n<div><\/div>\n<div><b>Comproveu i reviseu totes les dades que s\u2019hagin traspassat i feu les modificacions oportunes, si n&#8217;hi ha,\u00a0<\/b>com per exemple si heu d&#8217;afegir un alumne m\u00e9s, si heu d&#8217;eliminar un alumne, un<\/div>\n<div><\/div>\n<div>canvi de centre educatiu, canvi de ruta, canvi de parada, canvi de curs, etc.\u00a0Tenir en compte que el programa actualitza el nivell educatiu corresponent, menys als alumnes d\u2019estudis\u00a0<b>POST-<\/b><\/div>\n<div><\/div>\n<div><b>OBLIGATORIS<\/b>\u00a0(Batxillerat i Cicles Formatius).\u00a0<b>En aquest cas, les fam\u00edlies hauran d\u2019indicar expressament el curs a realitzar.<\/b>\u00a0Posteriorment podreu continuar amb la presentaci\u00f3 de la sol\u00b7licitud.<\/div>\n<div><\/div>\n<div><b>\u00a0<\/b><\/div>\n<div><b>2.<\/b>\u00a0\u00a0\u00a0 \u00a0<b>NOVA SOL\u00b7LICITUD:\u00a0<\/b><\/div>\n<div><\/div>\n<div>\u00b7\u00a0\u00a0\u00a0\u00a0\u00a0\u00a0\u00a0 \u00a0<b>REGISTRA&#8217;T:<\/b>\u00a0Per fam\u00edlies que demanin el servei per primera vegada. S&#8217;hauran de donar d&#8217;alta amb una adre\u00e7a de correu electr\u00f2nic.<\/div>\n<div><\/div>\n<div>\u00b7\u00a0\u00a0\u00a0\u00a0\u00a0\u00a0\u00a0 \u00a0<b>ACCEDIR A LA SOL.LICITUD GUARDADA I NO FINALITZADA:<\/b>\u00a0Si han deixat el tr\u00e0mit a mitges hauran d&#8217;accedir aqu\u00ed per poder continuar i finalitzar la sol\u00b7licitud.<\/div>\n<div><\/div>\n<div><b>\u00a0<\/b><\/div>\n<div><\/div>\n<div>No caldr\u00e0 aportar de nou la documentaci\u00f3. Nom\u00e9s en aquells casos en que hi hagi hagut algun canvi, com per exemple un NIE que canvia a DNI, un canvi de compte bancari, incorporaci\u00f3 d\u2019un<\/div>\n<div><\/div>\n<div>nou alumne, etc. \u00a0<b>Recordeu tamb\u00e9 eliminar els alumnes que ja no faran us del servei, doncs en cas de ser transport no obligatori es generar\u00e0 el rebut de pagament.<\/b><\/div>\n<div><\/div>\n<div>Insistim en que han d&#8217;enviar la documentaci\u00f3 de la seg\u00fcent manera:<\/div>\n<div><\/div>\n<div>&#8211;<b>\u00a0DNI\/NIE\/PASSAPORT del sol\u00b7licitant (pare, mare o tutor\/a legal)<\/b><\/div>\n<div><\/div>\n<div>C\u00f2pia per davant i per darrera,\u00a0<b>en un sol arxiu PDF.<\/b><\/div>\n<div><\/div>\n<div>&#8211;<b>DNI\/NIE\/PASSAPORT del\/s alumne\/s\u00a0<\/b><\/div>\n<div><\/div>\n<div>C\u00f2pia per davant i per darrera de tots els DNI&#8217;S\/NIE&#8217;S,\u00a0<b>en un sol arxiu PDF.<\/b><\/div>\n<div><\/div>\n<div>&#8211;<b>DNI\/NIE\/PASSAPORT del titular del compte bancari (nom\u00e9s per fam\u00edlies amb TRANSPORT NO OBLIGATORI &#8211; PAGAMENT)\u00a0<\/b><\/div>\n<div><\/div>\n<div>C\u00f2pia per davant i per darrera,\u00a0<b>en un sol arxiu PDF.<\/b><\/div>\n<div><\/div>\n<div>&#8211;<b>CERTIFICAT BANCARI<\/b>\u00a0<b>(<\/b><b>nom\u00e9s per fam\u00edlies amb TRANSPORT NO OBLIGATORI &#8211; PAGAMENT)<\/b><\/div>\n<div><b>\u00a0<\/b><\/div>\n<div>Certificat em\u00e8s per la seva entitat bancaria.\u00a0Per les fam\u00edlies que ja el van adjuntar correctament el curs passat NO CALDR\u00c0 que el tornin a adjuntar, a no ser que hi hagi un canvi de compte<\/div>\n<div><\/div>\n<div>bancari. Si fos aix\u00ed hauran de indicar-ho tamb\u00e9 a la sol\u00b7licitud i adjuntar\u00a0<b>un NOU CERTIFICAT BANCARI.<\/b><\/div>\n<div><\/div>\n<div><b>\u00a0<\/b><\/div>\n<div><b><u>NOVETAT A TENIR EN COMPTE:<\/u><\/b><\/div>\n<div><b><u>\u00a0<\/u><\/b><\/div>\n<div><b>Segons ens ha indicat el Departament d\u2019Educaci\u00f3 de la Generalitat,\u00a0<\/b>si un alumne de TRANSPORT ESCOLAR OBLIGATORI (TEC &#8211; gratu\u00eft) ha de fer \u00fas de\u00a0<b>DUES RUTES<\/b>, per necessitats de<\/div>\n<div><\/div>\n<div>la fam\u00edlia,\u00a0<b>li correspondr\u00e0 pagar una de les dues rutes.<\/b><\/div>\n<div><b>\u00a0<\/b><\/div>\n<div><b>\u00a0<\/b><\/div>\n<div><\/div>\n<div><\/div>\n<div>Podeu contactar amb nosaltres a trav\u00e9s d&#8217;aquest correu electr\u00f2nic per a qualsevol dubte.<\/div>\n<div><\/div>\n<div>Cordialment,<\/div>\n<div><\/div>\n<div><\/div>\n<div id=\"m_1849835075345849065x_x_x_x_x_Signature\">\n<div>\n<p><b>Victoria del Carmen<\/b><b>\u00a0<\/b><\/p>\n<p><b>Administrativa<\/b><b>\u00a0<\/b><\/p>\n<p><b>Departament d&#8217;Ensenyament<\/b><b>\u00a0<\/b><\/p>\n<p><img loading=\"lazy\" decoding=\"async\" class=\"CToWUd\" src=\"https:\/\/mail.google.com\/mail\/u\/0?ui=2&amp;ik=a5bfa72d91&amp;attid=0.1&amp;permmsgid=msg-f:1802451943025391698&amp;th=1903987e0cbdb852&amp;view=fimg&amp;fur=ip&amp;sz=s0-l75-ft&amp;attbid=ANGjdJ_exyrTm6ATS4B6gQycIynFVXlt5HcYDystccJ1jg_9ycnpKkHD9p4D3_qer5lBQu0XeDO4roIg7FJnem3-8K1fPbp8rfA8fYVvK0z7YZ0K1JUZXxwHdeinyXU&amp;disp=emb\" width=\"148\" height=\"52\" data-image-whitelisted=\"\" data-bit=\"iit\" \/><\/p>\n<p><b>Pl. Sant Miquel, 5 &#8211; 08700 IGUALADA<\/b><b>\u00a0<\/b><\/p>\n<p><b>Tel: 93.805 1585 Ext: 327<\/b><\/p>\n<p><a id=\"m_1849835075345849065OWAe8933280-5286-421b-3a06-eb128fc889dd\" href=\"mailto:sara@anoia.cat\" target=\"_blank\" rel=\"noopener\">transport@anoia.cat<\/a>\u00a0 &#8211;\u00a0\u00a0<a id=\"m_1849835075345849065OWA83fd899d-f86c-e4e2-4652-8972ecca7c9d\" href=\"http:\/\/anoia.cat\/\" target=\"_blank\" rel=\"noopener\" data-saferedirecturl=\"https:\/\/www.google.com\/url?q=http:\/\/anoia.cat\/&amp;source=gmail&amp;ust=1719041850719000&amp;usg=AOvVaw0oW5BKoEab5ONTkxzT5_CR\">http:\/\/www.anoia.cat<\/a>\u00a0<b>\u00a0\u00a0<\/b><\/p>\n<\/div>\n<div class=\"adL\"><\/div>\n<\/div>\n<\/div>\n","protected":false},"excerpt":{"rendered":"<p>Benvolgudes fam\u00edlies,<\/p>\n<p>En data d&#8217;avui, 20\u00a0de juny, iniciem el termini per la presentaci\u00f3 de les sol\u00b7licituds\u00a0del servei de transport escolar i el menjador obligatori per al curs 2024-2025.<\/p>\n<p>El per\u00edode per fer aquesta gesti\u00f3 anir\u00e0\u00a0del 20 de juny fins el 28 de juliol.\u00a0A partir d&#8217;aquesta data les&hellip;  <a href=\"https:\/\/agora.xtec.cat\/iesguinovarda\/general\/transport-escolar-curs-2024-2025\/\" title=\"Read TRANSPORT ESCOLAR CURS 2024\/2025\">Llegeix m\u00e9s\u00bb<\/a><\/p>\n","protected":false},"author":3,"featured_media":5027,"comment_status":"open","ping_status":"closed","sticky":false,"template":"","format":"standard","meta":{"_bbp_topic_count":0,"_bbp_reply_count":0,"_bbp_total_topic_count":0,"_bbp_total_reply_count":0,"_bbp_voice_count":0,"_bbp_anonymous_reply_count":0,"_bbp_topic_count_hidden":0,"_bbp_reply_count_hidden":0,"_bbp_forum_subforum_count":0,"footnotes":""},"categories":[1,29],"tags":[],"class_list":["post-5026","post","type-post","status-publish","format-standard","has-post-thumbnail","hentry","category-general","category-portada"],"post_mailing_queue_ids":[],"_links":{"self":[{"href":"https:\/\/agora.xtec.cat\/iesguinovarda\/wp-json\/wp\/v2\/posts\/5026","targetHints":{"allow":["GET"]}}],"collection":[{"href":"https:\/\/agora.xtec.cat\/iesguinovarda\/wp-json\/wp\/v2\/posts"}],"about":[{"href":"https:\/\/agora.xtec.cat\/iesguinovarda\/wp-json\/wp\/v2\/types\/post"}],"author":[{"embeddable":true,"href":"https:\/\/agora.xtec.cat\/iesguinovarda\/wp-json\/wp\/v2\/users\/3"}],"replies":[{"embeddable":true,"href":"https:\/\/agora.xtec.cat\/iesguinovarda\/wp-json\/wp\/v2\/comments?post=5026"}],"version-history":[{"count":6,"href":"https:\/\/agora.xtec.cat\/iesguinovarda\/wp-json\/wp\/v2\/posts\/5026\/revisions"}],"predecessor-version":[{"id":5038,"href":"https:\/\/agora.xtec.cat\/iesguinovarda\/wp-json\/wp\/v2\/posts\/5026\/revisions\/5038"}],"wp:featuredmedia":[{"embeddable":true,"href":"https:\/\/agora.xtec.cat\/iesguinovarda\/wp-json\/wp\/v2\/media\/5027"}],"wp:attachment":[{"href":"https:\/\/agora.xtec.cat\/iesguinovarda\/wp-json\/wp\/v2\/media?parent=5026"}],"wp:term":[{"taxonomy":"category","embeddable":true,"href":"https:\/\/agora.xtec.cat\/iesguinovarda\/wp-json\/wp\/v2\/categories?post=5026"},{"taxonomy":"post_tag","embeddable":true,"href":"https:\/\/agora.xtec.cat\/iesguinovarda\/wp-json\/wp\/v2\/tags?post=5026"}],"curies":[{"name":"wp","href":"https:\/\/api.w.org\/{rel}","templated":true}]}}