{"id":4979,"date":"2024-06-05T00:02:42","date_gmt":"2024-06-04T22:02:42","guid":{"rendered":"https:\/\/agora.xtec.cat\/iesguinovarda\/?p=4979"},"modified":"2024-06-05T00:02:42","modified_gmt":"2024-06-04T22:02:42","slug":"projecte-reacciona-2","status":"publish","type":"post","link":"https:\/\/agora.xtec.cat\/iesguinovarda\/eso\/eso-4\/projecte-reacciona-2\/","title":{"rendered":"PROJECTE REACCIONA"},"content":{"rendered":"<p>Aquest curs els alumnes de quart d\u2019ESO han participat en el projecte <em>Reacciona<\/em>, que porta a terme l\u2019entitat <em>Taller de Cinema<\/em>.<br \/>\nEn aquest projecte, l\u2019alumnat ha escrit, dirigit, rodat, interpretat i muntat cinc curtmetratges. Aquests audiovisuals es realitzen per ajudar a diverses ONGs de cooperaci\u00f3, ODS, cultura de pau i desenvolupament sostenible, en les seves tasques de sensibilitzaci\u00f3.<br \/>\nLes ONGs amb qu\u00e8 han treballat aquest any han estat: Amnistia Internacional, Ulls del m\u00f3n, Matres Mundi, Associaci\u00f3 Catalana per la Pau i la banca \u00e8tica Oikocredit.<br \/>\nDos dels projectes, <em>El banc de les injust\u00edcies<\/em> (4A) i <em>Sota pressi\u00f3<\/em>, han estat finan\u00e7ats  per l\u2019AFA i el propi centre i els altres tres, <em>Les gamers<\/em> (4B), <em>Pintem la pau<\/em> (4D) i <em>Una bona inversi\u00f3<\/em> (4E), han comptat amb el suport del Consell comarcal de l\u2019Anoia i la Diputaci\u00f3 de Barcelona.<br \/>\nAmb aquests projectes, l\u2019alumnat ha realitzat un aprenentatge-servei, cobrint les hores que els toca fer en el servei comunitari.<br \/>\nL\u2019acte de cloenda del projecte Reacciona va tenir lloc el divendres, 31 de maig, amb l\u2019estrena dels curtmetratges al Teatre Foment de Piera.<\/p>\n<p><a data-flickr-embed=\"true\" href=\"https:\/\/www.flickr.com\/photos\/insguinovarda\/albums\/72177720317607240\" title=\"Projecte Reacciona (4ESO)\"><img loading=\"lazy\" decoding=\"async\" src=\"https:\/\/live.staticflickr.com\/65535\/53770259429_ec3fcc43b2_z.jpg\" width=\"640\" height=\"480\" alt=\"Projecte Reacciona (4ESO)\"\/><\/a><script async src=\"\/\/embedr.flickr.com\/assets\/client-code.js\" charset=\"utf-8\"><\/script><\/p>\n","protected":false},"excerpt":{"rendered":"<p>Aquest curs els alumnes de quart d\u2019ESO han participat en el projecte Reacciona, que porta a terme l\u2019entitat Taller de Cinema.<br \/>\nEn aquest projecte, l\u2019alumnat ha escrit, dirigit, rodat, interpretat i muntat cinc curtmetratges. Aquests audiovisuals es realitzen per ajudar a diverses ONGs de cooperaci\u00f3, ODS,&hellip;  <a href=\"https:\/\/agora.xtec.cat\/iesguinovarda\/eso\/eso-4\/projecte-reacciona-2\/\" title=\"Read PROJECTE REACCIONA\">Llegeix m\u00e9s\u00bb<\/a><\/p>\n","protected":false},"author":5,"featured_media":4980,"comment_status":"closed","ping_status":"closed","sticky":false,"template":"","format":"standard","meta":{"_bbp_topic_count":0,"_bbp_reply_count":0,"_bbp_total_topic_count":0,"_bbp_total_reply_count":0,"_bbp_voice_count":0,"_bbp_anonymous_reply_count":0,"_bbp_topic_count_hidden":0,"_bbp_reply_count_hidden":0,"_bbp_forum_subforum_count":0,"footnotes":""},"categories":[7,29],"tags":[],"class_list":["post-4979","post","type-post","status-publish","format-standard","has-post-thumbnail","hentry","category-eso-4","category-portada"],"post_mailing_queue_ids":[],"_links":{"self":[{"href":"https:\/\/agora.xtec.cat\/iesguinovarda\/wp-json\/wp\/v2\/posts\/4979","targetHints":{"allow":["GET"]}}],"collection":[{"href":"https:\/\/agora.xtec.cat\/iesguinovarda\/wp-json\/wp\/v2\/posts"}],"about":[{"href":"https:\/\/agora.xtec.cat\/iesguinovarda\/wp-json\/wp\/v2\/types\/post"}],"author":[{"embeddable":true,"href":"https:\/\/agora.xtec.cat\/iesguinovarda\/wp-json\/wp\/v2\/users\/5"}],"replies":[{"embeddable":true,"href":"https:\/\/agora.xtec.cat\/iesguinovarda\/wp-json\/wp\/v2\/comments?post=4979"}],"version-history":[{"count":1,"href":"https:\/\/agora.xtec.cat\/iesguinovarda\/wp-json\/wp\/v2\/posts\/4979\/revisions"}],"predecessor-version":[{"id":4981,"href":"https:\/\/agora.xtec.cat\/iesguinovarda\/wp-json\/wp\/v2\/posts\/4979\/revisions\/4981"}],"wp:featuredmedia":[{"embeddable":true,"href":"https:\/\/agora.xtec.cat\/iesguinovarda\/wp-json\/wp\/v2\/media\/4980"}],"wp:attachment":[{"href":"https:\/\/agora.xtec.cat\/iesguinovarda\/wp-json\/wp\/v2\/media?parent=4979"}],"wp:term":[{"taxonomy":"category","embeddable":true,"href":"https:\/\/agora.xtec.cat\/iesguinovarda\/wp-json\/wp\/v2\/categories?post=4979"},{"taxonomy":"post_tag","embeddable":true,"href":"https:\/\/agora.xtec.cat\/iesguinovarda\/wp-json\/wp\/v2\/tags?post=4979"}],"curies":[{"name":"wp","href":"https:\/\/api.w.org\/{rel}","templated":true}]}}