{"id":4957,"date":"2024-06-01T09:59:17","date_gmt":"2024-06-01T07:59:17","guid":{"rendered":"https:\/\/agora.xtec.cat\/iesguinovarda\/?p=4957"},"modified":"2024-06-01T10:05:08","modified_gmt":"2024-06-01T08:05:08","slug":"un-dia-al-parc-de-vallparadis-i-a-ikea","status":"publish","type":"post","link":"https:\/\/agora.xtec.cat\/iesguinovarda\/portada\/un-dia-al-parc-de-vallparadis-i-a-ikea\/","title":{"rendered":"UN DIA AL PARC DE VALLPARAD\u00cdS I A IKEA"},"content":{"rendered":"<p>Dilluns, 20 de maig, l\u2019alumnat dels PFI de l\u2019INS Guinovarda van realitzar dues sortides relacionades amb els seus estudis. Els de Vivers i jardins van visitar el Parc Vallparad\u00eds de Terrassa, on van fer una gimcana d\u2019orientaci\u00f3 i d\u2019identificaci\u00f3 de plantes i arbres, de localitzaci\u00f3 de racons com el castell de Vallparad\u00eds, l\u2019esgl\u00e9sia de Sant Pere i el Jard\u00ed de les Percepcions. I els de Comer\u00e7 i log\u00edstica van realitzar una activitat a la botiga de mobles i decoraci\u00f3 IKEA de Sabadell, on van analitzar els lineals dels productes i van treballar l\u2019emmagatzematge: la cerca i la ubicaci\u00f3 de la mercaderia.<\/p>\n<p><a data-flickr-embed=\"true\" href=\"https:\/\/www.flickr.com\/photos\/insguinovarda\/albums\/72177720317486070\" title=\"IKEA i Parc Vallparad\u00eds (PFI Log\u00edstica i Vivers)\"><img loading=\"lazy\" decoding=\"async\" src=\"https:\/\/live.staticflickr.com\/65535\/53761465943_c2c2c31a0b_z.jpg\" width=\"640\" height=\"480\" alt=\"IKEA i Parc Vallparad\u00eds (PFI Log\u00edstica i Vivers)\"\/><\/a><script async src=\"\/\/embedr.flickr.com\/assets\/client-code.js\" charset=\"utf-8\"><\/script><\/p>\n","protected":false},"excerpt":{"rendered":"<p>Dilluns, 20 de maig, l\u2019alumnat dels PFI de l\u2019INS Guinovarda van realitzar dues sortides relacionades amb els seus estudis. Els de Vivers i jardins van visitar el Parc Vallparad\u00eds de Terrassa, on van fer una gimcana d\u2019orientaci\u00f3 i d\u2019identificaci\u00f3 de plantes i arbres, de localitzaci\u00f3&hellip;  <a href=\"https:\/\/agora.xtec.cat\/iesguinovarda\/portada\/un-dia-al-parc-de-vallparadis-i-a-ikea\/\" title=\"Read UN DIA AL PARC DE VALLPARAD\u00cdS I A IKEA\">Llegeix m\u00e9s\u00bb<\/a><\/p>\n","protected":false},"author":5,"featured_media":4963,"comment_status":"closed","ping_status":"closed","sticky":false,"template":"","format":"standard","meta":{"_bbp_topic_count":0,"_bbp_reply_count":0,"_bbp_total_topic_count":0,"_bbp_total_reply_count":0,"_bbp_voice_count":0,"_bbp_anonymous_reply_count":0,"_bbp_topic_count_hidden":0,"_bbp_reply_count_hidden":0,"_bbp_forum_subforum_count":0,"footnotes":""},"categories":[119,29],"tags":[],"class_list":["post-4957","post","type-post","status-publish","format-standard","has-post-thumbnail","hentry","category-pfi","category-portada"],"post_mailing_queue_ids":[],"_links":{"self":[{"href":"https:\/\/agora.xtec.cat\/iesguinovarda\/wp-json\/wp\/v2\/posts\/4957","targetHints":{"allow":["GET"]}}],"collection":[{"href":"https:\/\/agora.xtec.cat\/iesguinovarda\/wp-json\/wp\/v2\/posts"}],"about":[{"href":"https:\/\/agora.xtec.cat\/iesguinovarda\/wp-json\/wp\/v2\/types\/post"}],"author":[{"embeddable":true,"href":"https:\/\/agora.xtec.cat\/iesguinovarda\/wp-json\/wp\/v2\/users\/5"}],"replies":[{"embeddable":true,"href":"https:\/\/agora.xtec.cat\/iesguinovarda\/wp-json\/wp\/v2\/comments?post=4957"}],"version-history":[{"count":2,"href":"https:\/\/agora.xtec.cat\/iesguinovarda\/wp-json\/wp\/v2\/posts\/4957\/revisions"}],"predecessor-version":[{"id":4964,"href":"https:\/\/agora.xtec.cat\/iesguinovarda\/wp-json\/wp\/v2\/posts\/4957\/revisions\/4964"}],"wp:featuredmedia":[{"embeddable":true,"href":"https:\/\/agora.xtec.cat\/iesguinovarda\/wp-json\/wp\/v2\/media\/4963"}],"wp:attachment":[{"href":"https:\/\/agora.xtec.cat\/iesguinovarda\/wp-json\/wp\/v2\/media?parent=4957"}],"wp:term":[{"taxonomy":"category","embeddable":true,"href":"https:\/\/agora.xtec.cat\/iesguinovarda\/wp-json\/wp\/v2\/categories?post=4957"},{"taxonomy":"post_tag","embeddable":true,"href":"https:\/\/agora.xtec.cat\/iesguinovarda\/wp-json\/wp\/v2\/tags?post=4957"}],"curies":[{"name":"wp","href":"https:\/\/api.w.org\/{rel}","templated":true}]}}