{"id":4909,"date":"2024-05-13T11:02:42","date_gmt":"2024-05-13T09:02:42","guid":{"rendered":"https:\/\/agora.xtec.cat\/iesguinovarda\/?p=4909"},"modified":"2024-05-13T12:31:08","modified_gmt":"2024-05-13T10:31:08","slug":"reciclar-es-bufar-i-fer-ampolles","status":"publish","type":"post","link":"https:\/\/agora.xtec.cat\/iesguinovarda\/portada\/reciclar-es-bufar-i-fer-ampolles\/","title":{"rendered":"RECICLAR \u00c9S BUFAR I FER AMPOLLES"},"content":{"rendered":"<p>La Noa Torrente, l&#8217;Iker Hern\u00e1ndez, i l&#8217;Aina Llopart, alumnes de segon del Cicle de Grau Mitj\u00e0 de T\u00e8cnic en Atenci\u00f3 a Persones en Situaci\u00f3 de Depend\u00e8ncia (TAPSD) han dissenyat una guia de reciclatge juntament amb l&#8217;associaci\u00f3 Dispiera, com a part del  seu projecte de s\u00edntesi Llegim Piera: un treball sobre la Lectura F\u00e0cil i l&#8217;accessibilitat cognitiva aplicada dins del municipi de Piera.<br \/>\nAquest d\u00edptic pictogr\u00e0fic cont\u00e9 unes indicacions visuals sobre quins residus van a cada contenidor i una s\u00e8rie d&#8217;instruccions senzilles per saber on s&#8217;han de llen\u00e7ar.<br \/>\nEl principal objectiu d&#8217;aquesta guia \u00e9s aconseguir que el proc\u00e9s de reciclatge sigui m\u00e9s comprensible i f\u00e0cil de portar a la realitat, especialment, per a les persones amb discapacitat intel\u00b7lectual, que s\u00f3n el col\u00b7lectiu tractat en el seu projecte, tot i que tothom se\u2019n pot beneficiar.<br \/>\nLa directora de l\u2019associaci\u00f3 Dispiera va donar a con\u00e8ixer aquesta guia de reciclatge a dues regidores de l&#8217;Ajuntament de Piera, que van valorar molt positivament el recurs que van dissenyar.<\/p>\n<p><a data-flickr-embed=\"true\" href=\"https:\/\/www.flickr.com\/photos\/insguinovarda\/albums\/72177720316910857\" title=\"Llegir Piera (2TAPSD)\"><img loading=\"lazy\" decoding=\"async\" src=\"https:\/\/live.staticflickr.com\/65535\/53717714966_d6354c54e0_z.jpg\" width=\"640\" height=\"480\" alt=\"Llegir Piera (2TAPSD)\"\/><\/a><script async src=\"\/\/embedr.flickr.com\/assets\/client-code.js\" charset=\"utf-8\"><\/script><\/p>\n","protected":false},"excerpt":{"rendered":"<p>La Noa Torrente, l&#8217;Iker Hern\u00e1ndez, i l&#8217;Aina Llopart, alumnes de segon del Cicle de Grau Mitj\u00e0 de T\u00e8cnic en Atenci\u00f3 a Persones en Situaci\u00f3 de Depend\u00e8ncia (TAPSD) han dissenyat una guia de reciclatge juntament amb l&#8217;associaci\u00f3 Dispiera, com a part del  seu projecte de&hellip;  <a href=\"https:\/\/agora.xtec.cat\/iesguinovarda\/portada\/reciclar-es-bufar-i-fer-ampolles\/\" title=\"Read RECICLAR \u00c9S BUFAR I FER AMPOLLES\">Llegeix m\u00e9s\u00bb<\/a><\/p>\n","protected":false},"author":5,"featured_media":4913,"comment_status":"closed","ping_status":"closed","sticky":false,"template":"","format":"standard","meta":{"_bbp_topic_count":0,"_bbp_reply_count":0,"_bbp_total_topic_count":0,"_bbp_total_reply_count":0,"_bbp_voice_count":0,"_bbp_anonymous_reply_count":0,"_bbp_topic_count_hidden":0,"_bbp_reply_count_hidden":0,"_bbp_forum_subforum_count":0,"footnotes":""},"categories":[29,111],"tags":[],"class_list":["post-4909","post","type-post","status-publish","format-standard","has-post-thumbnail","hentry","category-portada","category-tapsd-2"],"post_mailing_queue_ids":[],"_links":{"self":[{"href":"https:\/\/agora.xtec.cat\/iesguinovarda\/wp-json\/wp\/v2\/posts\/4909","targetHints":{"allow":["GET"]}}],"collection":[{"href":"https:\/\/agora.xtec.cat\/iesguinovarda\/wp-json\/wp\/v2\/posts"}],"about":[{"href":"https:\/\/agora.xtec.cat\/iesguinovarda\/wp-json\/wp\/v2\/types\/post"}],"author":[{"embeddable":true,"href":"https:\/\/agora.xtec.cat\/iesguinovarda\/wp-json\/wp\/v2\/users\/5"}],"replies":[{"embeddable":true,"href":"https:\/\/agora.xtec.cat\/iesguinovarda\/wp-json\/wp\/v2\/comments?post=4909"}],"version-history":[{"count":1,"href":"https:\/\/agora.xtec.cat\/iesguinovarda\/wp-json\/wp\/v2\/posts\/4909\/revisions"}],"predecessor-version":[{"id":4911,"href":"https:\/\/agora.xtec.cat\/iesguinovarda\/wp-json\/wp\/v2\/posts\/4909\/revisions\/4911"}],"wp:featuredmedia":[{"embeddable":true,"href":"https:\/\/agora.xtec.cat\/iesguinovarda\/wp-json\/wp\/v2\/media\/4913"}],"wp:attachment":[{"href":"https:\/\/agora.xtec.cat\/iesguinovarda\/wp-json\/wp\/v2\/media?parent=4909"}],"wp:term":[{"taxonomy":"category","embeddable":true,"href":"https:\/\/agora.xtec.cat\/iesguinovarda\/wp-json\/wp\/v2\/categories?post=4909"},{"taxonomy":"post_tag","embeddable":true,"href":"https:\/\/agora.xtec.cat\/iesguinovarda\/wp-json\/wp\/v2\/tags?post=4909"}],"curies":[{"name":"wp","href":"https:\/\/api.w.org\/{rel}","templated":true}]}}