{"id":4881,"date":"2024-05-01T17:43:20","date_gmt":"2024-05-01T15:43:20","guid":{"rendered":"https:\/\/agora.xtec.cat\/iesguinovarda\/?p=4881"},"modified":"2024-05-01T18:06:27","modified_gmt":"2024-05-01T16:06:27","slug":"sant-jordi-a-linstitut","status":"publish","type":"post","link":"https:\/\/agora.xtec.cat\/iesguinovarda\/general\/sant-jordi-a-linstitut\/","title":{"rendered":"SANT JORDI A L&#8217;INSTITUT"},"content":{"rendered":"<p>Dimarts, 23 d\u2019abril, l\u2019institut va celebrar la diada de Sant Jordi. L\u2019alumnat de quart d\u2019ESO i de segon de Batxillerat i de TAPSD van muntar les parades per a la venda de roses, llibres i manualitats amb motius de la diada.<br \/>\nA l\u2019escenari, es van lliurar els premis als guanyadors del concurs literari, de fotografia matem\u00e0tica, Art &#038; Writing, Pinzell i Ploma i Theatron i es va gaudir amb les actuacions musicals de Judith Asencio (veu) i Iv\u00e1n Ruiz (guitarra) que van interpretar el bolero <em>Piensa en mi<\/em> i de l\u2019alumnat de primer i segon d\u2019ESO que van cantar <em>Adiemus<\/em> de Karl Jenkings, <em>Elefants volant<\/em>, d\u2019Oques Grasses i <em>Si et quedes amb mi<\/em>, de Sopa de Cabra.<br \/>\nA m\u00e9s, des de les onze del mat\u00ed, quart de l\u2019ESO va posar en funcionament el bar perqu\u00e8 tothom prengu\u00e9s un esmorzar com cal i van vendre n\u00fameros per a la rifa d\u2019una panera.<\/p>\n<p>L\u2019alumnat guardonat ha estat:<\/p>\n<p><strong>Concurs literari<\/strong><\/p>\n<p><strong>Narrativa<\/strong><\/p>\n<p>1r i 2n ESO: <em>El pr\u00edncep desaparegut<\/em>, Paula Gim\u00e9nez (2B)<br \/>\n3r i 4t ESO: <em>Unos ojos sin vida<\/em>, Vega Bautista (3D)<br \/>\nBATXILLERAT I GFGM: <em>Un simple juego de canicas<\/em>, Sergio Castillo (2BATX A) i Tertulia tierna, Il\u00e9 Gonz\u00e1lez (2BATX A).<\/p>\n<p><strong>Poesia<\/strong><\/p>\n<p>1r i 2n ESO: <em>El m\u00f3n injust<\/em>, Alba S\u00e1nchez (2A)<br \/>\n3r i 4t ESO: <em>Un mes i unes quantes setmanes<\/em>, Aina Medina (4B)<br \/>\nBATXILLERAT I GFGM: <em>Un tretze de gener<\/em>, Gen\u00eds Pal\u00e0 (2BATX B)<\/p>\n<p><strong>Art &#038; Writing<\/strong><\/p>\n<p>1r i 2n ESO: Kayla Barber\u00e1n (2D)<br \/>\n3r i 4t ESO: Nahiara Fern\u00e1ndez (4C), Martina \u00c1lvarez (3A, franc\u00e8s)<\/p>\n<p><strong>Pinzell i Ploma<\/strong><\/p>\n<p>1r i 2n ESO: Tiffany Farez (2B), Kayla Barber\u00e1n (2D)<br \/>\n1r i 2n BATXILLERAT: Xavier Esteve (2BATX B)<\/p>\n<p><strong>Theatron<\/strong><\/p>\n<p>Grup format per Nayara Cayero, Candela Fern\u00e1ndez, Daniel Pe\u00f1a<\/p>\n<p><strong>Fotografia Matem\u00e0tica<\/strong><\/p>\n<p>1r i 2n ESO: Torno en un&#8230;, Daniel Britos (2D).<br \/>\n3r i 4t ESO: Escales de difer\u00e8ncies, Karen Blanco (3D).<br \/>\n1r i 2n BATXILLERAT: Sinus o cosinus, de Pau Mill\u00e1n (2BATX B).<\/p>\n<p><a data-flickr-embed=\"true\" href=\"https:\/\/www.flickr.com\/photos\/insguinovarda\/albums\/72177720316634523\" title=\"Sant Jordi-24\"><img loading=\"lazy\" decoding=\"async\" src=\"https:\/\/live.staticflickr.com\/65535\/53692146745_397d2bbbdb.jpg\" width=\"640\" height=\"480\" alt=\"Sant Jordi-24\"\/><\/a><script async src=\"\/\/embedr.flickr.com\/assets\/client-code.js\" charset=\"utf-8\"><\/script><\/p>\n","protected":false},"excerpt":{"rendered":"<p>Dimarts, 23 d\u2019abril, l\u2019institut va celebrar la diada de Sant Jordi. L\u2019alumnat de quart d\u2019ESO i de segon de Batxillerat i de TAPSD van muntar les parades per a la venda de roses, llibres i manualitats amb motius de la diada.<br \/>\nA l\u2019escenari, es van lliurar&hellip;  <a href=\"https:\/\/agora.xtec.cat\/iesguinovarda\/general\/sant-jordi-a-linstitut\/\" title=\"Read SANT JORDI A L&#8217;INSTITUT\">Llegeix m\u00e9s\u00bb<\/a><\/p>\n","protected":false},"author":5,"featured_media":4882,"comment_status":"closed","ping_status":"closed","sticky":false,"template":"","format":"standard","meta":{"_bbp_topic_count":0,"_bbp_reply_count":0,"_bbp_total_topic_count":0,"_bbp_total_reply_count":0,"_bbp_voice_count":0,"_bbp_anonymous_reply_count":0,"_bbp_topic_count_hidden":0,"_bbp_reply_count_hidden":0,"_bbp_forum_subforum_count":0,"footnotes":""},"categories":[1,29],"tags":[],"class_list":["post-4881","post","type-post","status-publish","format-standard","has-post-thumbnail","hentry","category-general","category-portada"],"post_mailing_queue_ids":[],"_links":{"self":[{"href":"https:\/\/agora.xtec.cat\/iesguinovarda\/wp-json\/wp\/v2\/posts\/4881","targetHints":{"allow":["GET"]}}],"collection":[{"href":"https:\/\/agora.xtec.cat\/iesguinovarda\/wp-json\/wp\/v2\/posts"}],"about":[{"href":"https:\/\/agora.xtec.cat\/iesguinovarda\/wp-json\/wp\/v2\/types\/post"}],"author":[{"embeddable":true,"href":"https:\/\/agora.xtec.cat\/iesguinovarda\/wp-json\/wp\/v2\/users\/5"}],"replies":[{"embeddable":true,"href":"https:\/\/agora.xtec.cat\/iesguinovarda\/wp-json\/wp\/v2\/comments?post=4881"}],"version-history":[{"count":3,"href":"https:\/\/agora.xtec.cat\/iesguinovarda\/wp-json\/wp\/v2\/posts\/4881\/revisions"}],"predecessor-version":[{"id":4885,"href":"https:\/\/agora.xtec.cat\/iesguinovarda\/wp-json\/wp\/v2\/posts\/4881\/revisions\/4885"}],"wp:featuredmedia":[{"embeddable":true,"href":"https:\/\/agora.xtec.cat\/iesguinovarda\/wp-json\/wp\/v2\/media\/4882"}],"wp:attachment":[{"href":"https:\/\/agora.xtec.cat\/iesguinovarda\/wp-json\/wp\/v2\/media?parent=4881"}],"wp:term":[{"taxonomy":"category","embeddable":true,"href":"https:\/\/agora.xtec.cat\/iesguinovarda\/wp-json\/wp\/v2\/categories?post=4881"},{"taxonomy":"post_tag","embeddable":true,"href":"https:\/\/agora.xtec.cat\/iesguinovarda\/wp-json\/wp\/v2\/tags?post=4881"}],"curies":[{"name":"wp","href":"https:\/\/api.w.org\/{rel}","templated":true}]}}