{"id":4878,"date":"2024-04-30T09:47:09","date_gmt":"2024-04-30T07:47:09","guid":{"rendered":"https:\/\/agora.xtec.cat\/iesguinovarda\/?p=4878"},"modified":"2024-04-30T09:47:09","modified_gmt":"2024-04-30T07:47:09","slug":"dia-de-la-ciencia-a-laire-lliure","status":"publish","type":"post","link":"https:\/\/agora.xtec.cat\/iesguinovarda\/eso\/eso-3\/dia-de-la-ciencia-a-laire-lliure\/","title":{"rendered":"DIA DE LA CI\u00c8NCIA A L\u2019AIRE LLIURE"},"content":{"rendered":"<p>Dimarts, 23 d\u2019abril, coincidint amb la Diada de Sant Jordi, l\u2019institut va celebrar el Dia de la Ci\u00e8ncia.<\/p>\n<p>De nou a onze del mat\u00ed, l\u2019alumnat de 3r d\u2019ESO van explicar principis cient\u00edfics i mostrar una experimentaci\u00f3 com a prova de la teoria exposada. A la zona del pati, cada grup va presentar a l\u2019alumnat de primer cicle de l\u2019ESO i de Biologia, Programaci\u00f3, Ci\u00e8ncies Aplicades i Visual i Pl\u00e0stica els experiments que van preparar.<\/p>\n<p>Aquest curs el ventall d\u2019experiments que es van presenciar en directe van ser: Els cucs ballarins, Ara hi \u00e9s, ara no hi \u00e9s!, L\u2019equilibri impossible, Omplir globus amb qu\u00edmica, Columna de densitats, Camale\u00f3 qu\u00edmic, Magnetisme i electricitat, Fora color, Volc\u00e0 i L\u00edquid no-newtoni\u00e0.<\/p>\n<p>L\u2019alumnat va passar uns estona divertida, formativa i plena de curiositat que els va permetre interactuar amb cada experiment que observaven.<\/p>\n<p><a data-flickr-embed=\"true\" href=\"https:\/\/www.flickr.com\/photos\/insguinovarda\/albums\/72177720316597356\" title=\"Dia de la Ci\u00e8ncia-24 (3ESO)\"><img loading=\"lazy\" decoding=\"async\" src=\"https:\/\/live.staticflickr.com\/65535\/53689204700_fe439347bc_z.jpg\" width=\"640\" height=\"480\" alt=\"Dia de la Ci\u00e8ncia-24 (3ESO)\"\/><\/a><script async src=\"\/\/embedr.flickr.com\/assets\/client-code.js\" charset=\"utf-8\"><\/script><\/p>\n","protected":false},"excerpt":{"rendered":"<p>Dimarts, 23 d\u2019abril, coincidint amb la Diada de Sant Jordi, l\u2019institut va celebrar el Dia de la Ci\u00e8ncia.<br \/>\nDe nou a onze del mat\u00ed, l\u2019alumnat de 3r d\u2019ESO van explicar principis cient\u00edfics i mostrar una experimentaci\u00f3 com a prova de la teoria exposada. A la zona&hellip;  <a href=\"https:\/\/agora.xtec.cat\/iesguinovarda\/eso\/eso-3\/dia-de-la-ciencia-a-laire-lliure\/\" title=\"Read DIA DE LA CI\u00c8NCIA A L\u2019AIRE LLIURE\">Llegeix m\u00e9s\u00bb<\/a><\/p>\n","protected":false},"author":5,"featured_media":4879,"comment_status":"closed","ping_status":"closed","sticky":false,"template":"","format":"standard","meta":{"_bbp_topic_count":0,"_bbp_reply_count":0,"_bbp_total_topic_count":0,"_bbp_total_reply_count":0,"_bbp_voice_count":0,"_bbp_anonymous_reply_count":0,"_bbp_topic_count_hidden":0,"_bbp_reply_count_hidden":0,"_bbp_forum_subforum_count":0,"footnotes":""},"categories":[6,29],"tags":[],"class_list":["post-4878","post","type-post","status-publish","format-standard","has-post-thumbnail","hentry","category-eso-3","category-portada"],"post_mailing_queue_ids":[],"_links":{"self":[{"href":"https:\/\/agora.xtec.cat\/iesguinovarda\/wp-json\/wp\/v2\/posts\/4878","targetHints":{"allow":["GET"]}}],"collection":[{"href":"https:\/\/agora.xtec.cat\/iesguinovarda\/wp-json\/wp\/v2\/posts"}],"about":[{"href":"https:\/\/agora.xtec.cat\/iesguinovarda\/wp-json\/wp\/v2\/types\/post"}],"author":[{"embeddable":true,"href":"https:\/\/agora.xtec.cat\/iesguinovarda\/wp-json\/wp\/v2\/users\/5"}],"replies":[{"embeddable":true,"href":"https:\/\/agora.xtec.cat\/iesguinovarda\/wp-json\/wp\/v2\/comments?post=4878"}],"version-history":[{"count":1,"href":"https:\/\/agora.xtec.cat\/iesguinovarda\/wp-json\/wp\/v2\/posts\/4878\/revisions"}],"predecessor-version":[{"id":4880,"href":"https:\/\/agora.xtec.cat\/iesguinovarda\/wp-json\/wp\/v2\/posts\/4878\/revisions\/4880"}],"wp:featuredmedia":[{"embeddable":true,"href":"https:\/\/agora.xtec.cat\/iesguinovarda\/wp-json\/wp\/v2\/media\/4879"}],"wp:attachment":[{"href":"https:\/\/agora.xtec.cat\/iesguinovarda\/wp-json\/wp\/v2\/media?parent=4878"}],"wp:term":[{"taxonomy":"category","embeddable":true,"href":"https:\/\/agora.xtec.cat\/iesguinovarda\/wp-json\/wp\/v2\/categories?post=4878"},{"taxonomy":"post_tag","embeddable":true,"href":"https:\/\/agora.xtec.cat\/iesguinovarda\/wp-json\/wp\/v2\/tags?post=4878"}],"curies":[{"name":"wp","href":"https:\/\/api.w.org\/{rel}","templated":true}]}}