{"id":4872,"date":"2024-04-29T13:41:09","date_gmt":"2024-04-29T11:41:09","guid":{"rendered":"https:\/\/agora.xtec.cat\/iesguinovarda\/?p=4872"},"modified":"2024-05-19T11:01:15","modified_gmt":"2024-05-19T09:01:15","slug":"lliurament-de-la-16a-edicio-dels-premis-trec","status":"publish","type":"post","link":"https:\/\/agora.xtec.cat\/iesguinovarda\/portada\/lliurament-de-la-16a-edicio-dels-premis-trec\/","title":{"rendered":"LLIURAMENT DE LA 16a EDICI\u00d3 DELS PREMIS TREC"},"content":{"rendered":"<p>La sala d\u2019actes de l\u2019Ajuntament va acollir el 21 d\u2019abril el lliurament dels guardons de la 16a edici\u00f3 dels premis TREC, dirigits als millors treballs de recerca elaborats per l\u2019alumnat de segon curs de Batxillerat de l\u2019Institut Guinovarda. Amb aquesta iniciativa, es pret\u00e9n fomentar la recerca, despertar vocacions per a l\u2019estudi i la investigaci\u00f3 i recon\u00e8ixer la feina que es desenvolupa des dels centres educatius.<br \/>\nL\u2019acte va comptar amb l\u2019actuaci\u00f3 musical de l\u2019Escola Municipal de M\u00fasica i amb les intervencions de la coordinadora de batxillerat i la cap d\u2019estudis de l\u2019institut, un membre del Centre d\u2019Estudis Pierencs, la regidora d\u2019Educaci\u00f3 i l\u2019alcaldessa. Als parlaments es va destacar la qualitat dels treballs, l\u2019esfor\u00e7 de l\u2019alumnat en l\u2019elaboraci\u00f3 elaborar d\u2019un treball d\u2019aquestes caracter\u00edstiques i es va valorar el paper de les fam\u00edlies i del professorat com acompanyants en tot el proc\u00e9s.<br \/>\nEn aquesta XVI edici\u00f3, es van presentar quinze treballs de recerca. Aquesta \u00e9s la relaci\u00f3 de finalistes i premiats:<br \/>\n    \u2022 <em>La gen\u00e8tica de Mendel<\/em> d\u2019Oriol Almela Aguilar (F)<br \/>\n    \u2022 <em>Alternatives als antibi\u00f2tics<\/em> de Carla \u00c1lvarez Freixas (ACC\u00c8SSIT)<br \/>\n    \u2022 <em>Quin efecte t\u00e9 la intel\u00b7lig\u00e8ncia emocional en l\u2019aprenentatge?<\/em> d\u2019Adriana Arroyo Mulero (F)<br \/>\n    \u2022 <em>El neurom\u00e0rqueting en la moda<\/em> d\u2019\u00c1lvaro Arruga Moreno (ACC\u00c8SSIT)<br \/>\n    \u2022 <em>Variacions sobre una successi\u00f3 de J.H. Conway<\/em> de Sergio Castillo Barba (F)<br \/>\n    \u2022 <em>L\u2019\u00fas d\u2019enzims en la panificaci\u00f3<\/em> de Xavi Esteve Dom\u00e8nech (PRIMER PREMI)<br \/>\n    \u2022 <em>Cuina molecular<\/em> d\u2019Estela Fuentes Torres (F)<br \/>\n    \u2022 <em>L\u2019alzheimer, el gran desconegut<\/em> de Carla Garcia Sanahuja (F)<br \/>\n    \u2022 <em>Relatos y novelas, el arte de atrapar narrando<\/em> d\u2019Il\u00e9 Gonz\u00e1lez Guerra (F)<br \/>\n    \u2022 <em>Construcci\u00f3 d\u2019una maqueta. Casa de luxe unifamiliar<\/em> d\u2019Abril Ortega M\u00e1rquez (F)<br \/>\n    \u2022 <em>Un bra\u00e7 hum\u00e0 o un bra\u00e7 rob\u00f2tic?<\/em> de Gen\u00eds Pal\u00e0 Trias (ACC\u00c8SSIT)<br \/>\n    \u2022 <em>El motor de combusti\u00f3 interna de quatre cilindres reciclable<\/em> de Lucas Prado Collich (F)<br \/>\n    \u2022 <em>Aplicaci\u00f3 del disseny 3D al m\u00f3n del b\u00e0squet<\/em> de Joan Rafecas de Santos (F)<br \/>\n    \u2022 <em>Ous ecol\u00f2gics. Estudi del dia a dia en una granja i la seva evoluci\u00f3 econ\u00f2mica<\/em> de Mart\u00ed Vear Compa\u00f1\u00f3 (F)<br \/>\n    \u2022 <em>An\u00e0lisi de la tend\u00e8ncia de vot de l\u2019electorat respecte al canvi del candidat en unes eleccions al Parlament<\/em> de Daniel Vendrell Feixas (ACC\u00c8SSIT)<\/p>\n<p><a data-flickr-embed=\"true\" href=\"https:\/\/www.flickr.com\/photos\/insguinovarda\/albums\/72177720316566700\" title=\"PREMIS TREC-24\"><img loading=\"lazy\" decoding=\"async\" src=\"https:\/\/live.staticflickr.com\/65535\/53687043830_42ae265972_z.jpg\" width=\"640\" height=\"480\" alt=\"PREMIS TREC-24\"\/><\/a><script async src=\"\/\/embedr.flickr.com\/assets\/client-code.js\" charset=\"utf-8\"><\/script><\/p>\n","protected":false},"excerpt":{"rendered":"<p>La sala d\u2019actes de l\u2019Ajuntament va acollir el 21 d\u2019abril el lliurament dels guardons de la 16a edici\u00f3 dels premis TREC, dirigits als millors treballs de recerca elaborats per l\u2019alumnat de segon curs de Batxillerat de l\u2019Institut Guinovarda. Amb aquesta iniciativa, es pret\u00e9n fomentar la&hellip;  <a href=\"https:\/\/agora.xtec.cat\/iesguinovarda\/portada\/lliurament-de-la-16a-edicio-dels-premis-trec\/\" title=\"Read LLIURAMENT DE LA 16a EDICI\u00d3 DELS PREMIS TREC\">Llegeix m\u00e9s\u00bb<\/a><\/p>\n","protected":false},"author":5,"featured_media":4873,"comment_status":"closed","ping_status":"closed","sticky":false,"template":"","format":"standard","meta":{"_bbp_topic_count":0,"_bbp_reply_count":0,"_bbp_total_topic_count":0,"_bbp_total_reply_count":0,"_bbp_voice_count":0,"_bbp_anonymous_reply_count":0,"_bbp_topic_count_hidden":0,"_bbp_reply_count_hidden":0,"_bbp_forum_subforum_count":0,"footnotes":""},"categories":[109,29],"tags":[],"class_list":["post-4872","post","type-post","status-publish","format-standard","has-post-thumbnail","hentry","category-batx-2","category-portada"],"post_mailing_queue_ids":[],"_links":{"self":[{"href":"https:\/\/agora.xtec.cat\/iesguinovarda\/wp-json\/wp\/v2\/posts\/4872","targetHints":{"allow":["GET"]}}],"collection":[{"href":"https:\/\/agora.xtec.cat\/iesguinovarda\/wp-json\/wp\/v2\/posts"}],"about":[{"href":"https:\/\/agora.xtec.cat\/iesguinovarda\/wp-json\/wp\/v2\/types\/post"}],"author":[{"embeddable":true,"href":"https:\/\/agora.xtec.cat\/iesguinovarda\/wp-json\/wp\/v2\/users\/5"}],"replies":[{"embeddable":true,"href":"https:\/\/agora.xtec.cat\/iesguinovarda\/wp-json\/wp\/v2\/comments?post=4872"}],"version-history":[{"count":1,"href":"https:\/\/agora.xtec.cat\/iesguinovarda\/wp-json\/wp\/v2\/posts\/4872\/revisions"}],"predecessor-version":[{"id":4874,"href":"https:\/\/agora.xtec.cat\/iesguinovarda\/wp-json\/wp\/v2\/posts\/4872\/revisions\/4874"}],"wp:featuredmedia":[{"embeddable":true,"href":"https:\/\/agora.xtec.cat\/iesguinovarda\/wp-json\/wp\/v2\/media\/4873"}],"wp:attachment":[{"href":"https:\/\/agora.xtec.cat\/iesguinovarda\/wp-json\/wp\/v2\/media?parent=4872"}],"wp:term":[{"taxonomy":"category","embeddable":true,"href":"https:\/\/agora.xtec.cat\/iesguinovarda\/wp-json\/wp\/v2\/categories?post=4872"},{"taxonomy":"post_tag","embeddable":true,"href":"https:\/\/agora.xtec.cat\/iesguinovarda\/wp-json\/wp\/v2\/tags?post=4872"}],"curies":[{"name":"wp","href":"https:\/\/api.w.org\/{rel}","templated":true}]}}