{"id":4866,"date":"2024-04-29T11:18:08","date_gmt":"2024-04-29T09:18:08","guid":{"rendered":"https:\/\/agora.xtec.cat\/iesguinovarda\/?p=4866"},"modified":"2024-04-29T11:18:08","modified_gmt":"2024-04-29T09:18:08","slug":"que-necessito-per-buscar-feina","status":"publish","type":"post","link":"https:\/\/agora.xtec.cat\/iesguinovarda\/portada\/que-necessito-per-buscar-feina\/","title":{"rendered":"QU\u00c8 NECESSITO PER BUSCAR FEINA?"},"content":{"rendered":"<p>Durant el mes d\u2019abril, l\u2019alumnat de primer de Serveis Comercials va participar en un cicle de tres tallers organitzat per l\u2019Oficina Jove de l\u2019Anoia i impartits per orientadores laborals de l\u2019equip d\u2019ocupaci\u00f3 laboral.<br \/>\n<em>Qu\u00e8 necessito per trobar feina?<\/em> s\u00f3n uns tallers que van adre\u00e7ats a tots els Cicles Formatius de Grau B\u00e0sic amb la finalitat d\u2019orientar l\u2019alumnat a l\u2019hora d\u2019identificar els seus plans d\u2019acci\u00f3, objectius laborals, les preses de decisions i ser eficients en la recerca de feina.<\/p>\n<p><a data-flickr-embed=\"true\" href=\"https:\/\/www.flickr.com\/photos\/insguinovarda\/albums\/72177720316564410\" title=\"Taller Qu\u00e8 necessito per buscar feina? (1SCOM)\"><img loading=\"lazy\" decoding=\"async\" src=\"https:\/\/live.staticflickr.com\/65535\/53685501687_8a9238db5e_z.jpg\" width=\"640\" height=\"480\" alt=\"Taller Qu\u00e8 necessito per buscar feina? (1SCOM)\"\/><\/a><script async src=\"\/\/embedr.flickr.com\/assets\/client-code.js\" charset=\"utf-8\"><\/script><\/p>\n","protected":false},"excerpt":{"rendered":"<p>Durant el mes d\u2019abril, l\u2019alumnat de primer de Serveis Comercials va participar en un cicle de tres tallers organitzat per l\u2019Oficina Jove de l\u2019Anoia i impartits per orientadores laborals de l\u2019equip d\u2019ocupaci\u00f3 laboral.<br \/>\nQu\u00e8 necessito per trobar feina? s\u00f3n uns tallers que van adre\u00e7ats a tots&hellip;  <a href=\"https:\/\/agora.xtec.cat\/iesguinovarda\/portada\/que-necessito-per-buscar-feina\/\" title=\"Read QU\u00c8 NECESSITO PER BUSCAR FEINA?\">Llegeix m\u00e9s\u00bb<\/a><\/p>\n","protected":false},"author":5,"featured_media":4867,"comment_status":"closed","ping_status":"closed","sticky":false,"template":"","format":"standard","meta":{"_bbp_topic_count":0,"_bbp_reply_count":0,"_bbp_total_topic_count":0,"_bbp_total_reply_count":0,"_bbp_voice_count":0,"_bbp_anonymous_reply_count":0,"_bbp_topic_count_hidden":0,"_bbp_reply_count_hidden":0,"_bbp_forum_subforum_count":0,"footnotes":""},"categories":[117,29],"tags":[],"class_list":["post-4866","post","type-post","status-publish","format-standard","has-post-thumbnail","hentry","category-1scom","category-portada"],"post_mailing_queue_ids":[],"_links":{"self":[{"href":"https:\/\/agora.xtec.cat\/iesguinovarda\/wp-json\/wp\/v2\/posts\/4866","targetHints":{"allow":["GET"]}}],"collection":[{"href":"https:\/\/agora.xtec.cat\/iesguinovarda\/wp-json\/wp\/v2\/posts"}],"about":[{"href":"https:\/\/agora.xtec.cat\/iesguinovarda\/wp-json\/wp\/v2\/types\/post"}],"author":[{"embeddable":true,"href":"https:\/\/agora.xtec.cat\/iesguinovarda\/wp-json\/wp\/v2\/users\/5"}],"replies":[{"embeddable":true,"href":"https:\/\/agora.xtec.cat\/iesguinovarda\/wp-json\/wp\/v2\/comments?post=4866"}],"version-history":[{"count":1,"href":"https:\/\/agora.xtec.cat\/iesguinovarda\/wp-json\/wp\/v2\/posts\/4866\/revisions"}],"predecessor-version":[{"id":4868,"href":"https:\/\/agora.xtec.cat\/iesguinovarda\/wp-json\/wp\/v2\/posts\/4866\/revisions\/4868"}],"wp:featuredmedia":[{"embeddable":true,"href":"https:\/\/agora.xtec.cat\/iesguinovarda\/wp-json\/wp\/v2\/media\/4867"}],"wp:attachment":[{"href":"https:\/\/agora.xtec.cat\/iesguinovarda\/wp-json\/wp\/v2\/media?parent=4866"}],"wp:term":[{"taxonomy":"category","embeddable":true,"href":"https:\/\/agora.xtec.cat\/iesguinovarda\/wp-json\/wp\/v2\/categories?post=4866"},{"taxonomy":"post_tag","embeddable":true,"href":"https:\/\/agora.xtec.cat\/iesguinovarda\/wp-json\/wp\/v2\/tags?post=4866"}],"curies":[{"name":"wp","href":"https:\/\/api.w.org\/{rel}","templated":true}]}}