{"id":4830,"date":"2024-04-17T19:03:56","date_gmt":"2024-04-17T17:03:56","guid":{"rendered":"https:\/\/agora.xtec.cat\/iesguinovarda\/?p=4830"},"modified":"2024-04-17T19:03:56","modified_gmt":"2024-04-17T17:03:56","slug":"recalculem-la-barcelona-medieval","status":"publish","type":"post","link":"https:\/\/agora.xtec.cat\/iesguinovarda\/eso\/eso-2\/recalculem-la-barcelona-medieval\/","title":{"rendered":"RECALCULEM LA BARCELONA MEDIEVAL!"},"content":{"rendered":"<p>Divendres, 12 d\u2019abril, l\u2019alumnat de 2n d\u2019ESO de l\u2019Ins va visitar Barcelona per explorar l\u2019emblem\u00e0tic barri del Born amb TEA Difusi\u00f3 Cultural. Van realitzar una activitat dirigida on van descobrir joies arquitect\u00f2niques com Sta. Maria del Mar i el mercat de Sta. Caterina. Tamb\u00e9 van passejar pels pintorescs barris d\u2019artesans, nobles i jueus, endinsant-se en la fascinant hist\u00f2ria medieval de la ciutat, mentre s\u2019enfrontaven a reptes matem\u00e0tics, combinant diversi\u00f3 i aprenentatge.<\/p>\n<p><a data-flickr-embed=\"true\" href=\"https:\/\/www.flickr.com\/photos\/insguinovarda\/albums\/72177720316288723\" title=\"Recalculem la BCN Medieval! (2ESO)\"><img loading=\"lazy\" decoding=\"async\" src=\"https:\/\/live.staticflickr.com\/65535\/53660969955_1a0f702a10_z.jpg\" width=\"640\" height=\"480\" alt=\"Recalculem la BCN Medieval! (2ESO)\"\/><\/a><script async src=\"\/\/embedr.flickr.com\/assets\/client-code.js\" charset=\"utf-8\"><\/script><\/p>\n","protected":false},"excerpt":{"rendered":"<p>Divendres, 12 d\u2019abril, l\u2019alumnat de 2n d\u2019ESO de l\u2019Ins va visitar Barcelona per explorar l\u2019emblem\u00e0tic barri del Born amb TEA Difusi\u00f3 Cultural. Van realitzar una activitat dirigida on van descobrir joies arquitect\u00f2niques com Sta. Maria del Mar i el mercat de Sta. Caterina. Tamb\u00e9 van&hellip;  <a href=\"https:\/\/agora.xtec.cat\/iesguinovarda\/eso\/eso-2\/recalculem-la-barcelona-medieval\/\" title=\"Read RECALCULEM LA BARCELONA MEDIEVAL!\">Llegeix m\u00e9s\u00bb<\/a><\/p>\n","protected":false},"author":5,"featured_media":4831,"comment_status":"closed","ping_status":"closed","sticky":false,"template":"","format":"standard","meta":{"_bbp_topic_count":0,"_bbp_reply_count":0,"_bbp_total_topic_count":0,"_bbp_total_reply_count":0,"_bbp_voice_count":0,"_bbp_anonymous_reply_count":0,"_bbp_topic_count_hidden":0,"_bbp_reply_count_hidden":0,"_bbp_forum_subforum_count":0,"footnotes":""},"categories":[5,29],"tags":[],"class_list":["post-4830","post","type-post","status-publish","format-standard","has-post-thumbnail","hentry","category-eso-2","category-portada"],"post_mailing_queue_ids":[],"_links":{"self":[{"href":"https:\/\/agora.xtec.cat\/iesguinovarda\/wp-json\/wp\/v2\/posts\/4830","targetHints":{"allow":["GET"]}}],"collection":[{"href":"https:\/\/agora.xtec.cat\/iesguinovarda\/wp-json\/wp\/v2\/posts"}],"about":[{"href":"https:\/\/agora.xtec.cat\/iesguinovarda\/wp-json\/wp\/v2\/types\/post"}],"author":[{"embeddable":true,"href":"https:\/\/agora.xtec.cat\/iesguinovarda\/wp-json\/wp\/v2\/users\/5"}],"replies":[{"embeddable":true,"href":"https:\/\/agora.xtec.cat\/iesguinovarda\/wp-json\/wp\/v2\/comments?post=4830"}],"version-history":[{"count":1,"href":"https:\/\/agora.xtec.cat\/iesguinovarda\/wp-json\/wp\/v2\/posts\/4830\/revisions"}],"predecessor-version":[{"id":4832,"href":"https:\/\/agora.xtec.cat\/iesguinovarda\/wp-json\/wp\/v2\/posts\/4830\/revisions\/4832"}],"wp:featuredmedia":[{"embeddable":true,"href":"https:\/\/agora.xtec.cat\/iesguinovarda\/wp-json\/wp\/v2\/media\/4831"}],"wp:attachment":[{"href":"https:\/\/agora.xtec.cat\/iesguinovarda\/wp-json\/wp\/v2\/media?parent=4830"}],"wp:term":[{"taxonomy":"category","embeddable":true,"href":"https:\/\/agora.xtec.cat\/iesguinovarda\/wp-json\/wp\/v2\/categories?post=4830"},{"taxonomy":"post_tag","embeddable":true,"href":"https:\/\/agora.xtec.cat\/iesguinovarda\/wp-json\/wp\/v2\/tags?post=4830"}],"curies":[{"name":"wp","href":"https:\/\/api.w.org\/{rel}","templated":true}]}}