{"id":4781,"date":"2024-04-09T23:40:36","date_gmt":"2024-04-09T21:40:36","guid":{"rendered":"https:\/\/agora.xtec.cat\/iesguinovarda\/?p=4781"},"modified":"2024-04-09T23:40:57","modified_gmt":"2024-04-09T21:40:57","slug":"pas-al-suport-vital-basic","status":"publish","type":"post","link":"https:\/\/agora.xtec.cat\/iesguinovarda\/eso\/eso-3\/pas-al-suport-vital-basic\/","title":{"rendered":"PAS AL SUPORT VITAL B\u00c0SIC!"},"content":{"rendered":"<p>Durant la primera setmana d&#8217;abril, l\u2019alumnat de 3r d\u2019ESO i de 1r de Serveix Comercials va participar en uns tallers d\u2019Autoprotecci\u00f3 i suport vital b\u00e0sic, organitzats per la Creu Roja, amb la finalitat de saber realitzar els primers auxilis de manera segura, ordenada i eficient.<\/p>\n<p>L\u2019alumnat va aprendre el protocol d\u2019atenci\u00f3 a un ferit, els diferents tipus de lesions (ferides, cremades, fractures, etc.) i com tractar-les, va rebre els coneixements b\u00e0sics sobre la reanimaci\u00f3 cardiopulmonar (RCP) i quins s\u00f3n els seus passos i cicles.<\/p>\n<p>Amb aquests tallers pr\u00e0ctics, van rebre una formaci\u00f3 b\u00e0sica i necess\u00e0ria per saber aplicar els primers auxilis sense exposar la seva seguretat i evitant que la v\u00edctima sofreixi m\u00e9s danys dels que ja t\u00e9.<\/p>\n<p><a data-flickr-embed=\"true\" href=\"https:\/\/www.flickr.com\/photos\/insguinovarda\/albums\/72177720316119379\" title=\"Taller suport vital b\u00e0sic (3ESO, 1SCOM)\"><img loading=\"lazy\" decoding=\"async\" src=\"https:\/\/live.staticflickr.com\/65535\/53643056043_da0223c9f8.jpg\" width=\"640\" height=\"480\" alt=\"Taller suport vital b\u00e0sic (3ESO, 1SCOM)\"\/><\/a><script async src=\"\/\/embedr.flickr.com\/assets\/client-code.js\" charset=\"utf-8\"><\/script><\/p>\n","protected":false},"excerpt":{"rendered":"<p>Durant la primera setmana d&#8217;abril, l\u2019alumnat de 3r d\u2019ESO i de 1r de Serveix Comercials va participar en uns tallers d\u2019Autoprotecci\u00f3 i suport vital b\u00e0sic, organitzats per la Creu Roja, amb la finalitat de saber realitzar els primers auxilis de manera segura, ordenada i eficient.<br \/>\nL\u2019alumnat&hellip;  <a href=\"https:\/\/agora.xtec.cat\/iesguinovarda\/eso\/eso-3\/pas-al-suport-vital-basic\/\" title=\"Read PAS AL SUPORT VITAL B\u00c0SIC!\">Llegeix m\u00e9s\u00bb<\/a><\/p>\n","protected":false},"author":5,"featured_media":4782,"comment_status":"closed","ping_status":"closed","sticky":false,"template":"","format":"standard","meta":{"_bbp_topic_count":0,"_bbp_reply_count":0,"_bbp_total_topic_count":0,"_bbp_total_reply_count":0,"_bbp_voice_count":0,"_bbp_anonymous_reply_count":0,"_bbp_topic_count_hidden":0,"_bbp_reply_count_hidden":0,"_bbp_forum_subforum_count":0,"footnotes":""},"categories":[117,6,29],"tags":[],"class_list":["post-4781","post","type-post","status-publish","format-standard","has-post-thumbnail","hentry","category-1scom","category-eso-3","category-portada"],"post_mailing_queue_ids":[],"_links":{"self":[{"href":"https:\/\/agora.xtec.cat\/iesguinovarda\/wp-json\/wp\/v2\/posts\/4781","targetHints":{"allow":["GET"]}}],"collection":[{"href":"https:\/\/agora.xtec.cat\/iesguinovarda\/wp-json\/wp\/v2\/posts"}],"about":[{"href":"https:\/\/agora.xtec.cat\/iesguinovarda\/wp-json\/wp\/v2\/types\/post"}],"author":[{"embeddable":true,"href":"https:\/\/agora.xtec.cat\/iesguinovarda\/wp-json\/wp\/v2\/users\/5"}],"replies":[{"embeddable":true,"href":"https:\/\/agora.xtec.cat\/iesguinovarda\/wp-json\/wp\/v2\/comments?post=4781"}],"version-history":[{"count":1,"href":"https:\/\/agora.xtec.cat\/iesguinovarda\/wp-json\/wp\/v2\/posts\/4781\/revisions"}],"predecessor-version":[{"id":4783,"href":"https:\/\/agora.xtec.cat\/iesguinovarda\/wp-json\/wp\/v2\/posts\/4781\/revisions\/4783"}],"wp:featuredmedia":[{"embeddable":true,"href":"https:\/\/agora.xtec.cat\/iesguinovarda\/wp-json\/wp\/v2\/media\/4782"}],"wp:attachment":[{"href":"https:\/\/agora.xtec.cat\/iesguinovarda\/wp-json\/wp\/v2\/media?parent=4781"}],"wp:term":[{"taxonomy":"category","embeddable":true,"href":"https:\/\/agora.xtec.cat\/iesguinovarda\/wp-json\/wp\/v2\/categories?post=4781"},{"taxonomy":"post_tag","embeddable":true,"href":"https:\/\/agora.xtec.cat\/iesguinovarda\/wp-json\/wp\/v2\/tags?post=4781"}],"curies":[{"name":"wp","href":"https:\/\/api.w.org\/{rel}","templated":true}]}}