{"id":4778,"date":"2024-04-09T17:39:56","date_gmt":"2024-04-09T15:39:56","guid":{"rendered":"https:\/\/agora.xtec.cat\/iesguinovarda\/?p=4778"},"modified":"2024-04-09T17:40:27","modified_gmt":"2024-04-09T15:40:27","slug":"taller-share-dels-mossos-desquadra","status":"publish","type":"post","link":"https:\/\/agora.xtec.cat\/iesguinovarda\/portada\/taller-share-dels-mossos-desquadra\/","title":{"rendered":"TALLER SHARE DELS MOSSOS D\u2019ESQUADRA"},"content":{"rendered":"<p>Durant el tercer trimestre, l\u2019alumnat de 1r de Batxillerat i dels CFGM de TAPSD i SMX ha assistit a les xerrades del taller <em>Share<\/em> organitzades pels Mossos d\u2019Esquadra. Van ser uns tallers on es va incidir en la protecci\u00f3 civil del dret a l\u2019honor, a la intimitat personal i a la pr\u00f2pia imatge.<br \/>\nEn primer lloc, l\u2019alumnat va visualitzar un curtmetratge, la finalitat del qual va ser conscienciar el jovent sobre els perills i conseq\u00fc\u00e8ncies de la publicaci\u00f3 de continguts personals d\u2019altres persones a les xarxes socials. Tot seguit, es van fer grups i es va realitzar una activitat molt din\u00e0mica que va consistir a comentar els valors transmesos pel v\u00eddeo i posar en com\u00fa les opinions i idees que sorgien sobre aquest assumpte. Durant aquest proc\u00e9s, es va reflexionar sobre diferents aspectes relacionats amb el tema treballat com ara el <em>sexting<\/em>, <em>grooming<\/em>, <em>bullying<\/em> i el dret d\u2019imatge.<\/p>\n<p> <a data-flickr-embed=\"true\" href=\"https:\/\/www.flickr.com\/photos\/insguinovarda\/albums\/72177720316117314\" title=\"Taller Share (1BATX, 1TAPSD, 1SMX)\"><img loading=\"lazy\" decoding=\"async\" src=\"https:\/\/live.staticflickr.com\/65535\/53642690861_671322d458_z.jpg\" width=\"640\" height=\"480\" alt=\"Taller Share (1BATX, 1TAPSD, 1SMX)\"\/><\/a><script async src=\"\/\/embedr.flickr.com\/assets\/client-code.js\" charset=\"utf-8\"><\/script><\/p>\n","protected":false},"excerpt":{"rendered":"<p>Durant el tercer trimestre, l\u2019alumnat de 1r de Batxillerat i dels CFGM de TAPSD i SMX ha assistit a les xerrades del taller Share organitzades pels Mossos d\u2019Esquadra. Van ser uns tallers on es va incidir en la protecci\u00f3 civil del dret a l\u2019honor, a&hellip;  <a href=\"https:\/\/agora.xtec.cat\/iesguinovarda\/portada\/taller-share-dels-mossos-desquadra\/\" title=\"Read TALLER SHARE DELS MOSSOS D\u2019ESQUADRA\">Llegeix m\u00e9s\u00bb<\/a><\/p>\n","protected":false},"author":5,"featured_media":4779,"comment_status":"closed","ping_status":"closed","sticky":false,"template":"","format":"standard","meta":{"_bbp_topic_count":0,"_bbp_reply_count":0,"_bbp_total_topic_count":0,"_bbp_total_reply_count":0,"_bbp_voice_count":0,"_bbp_anonymous_reply_count":0,"_bbp_topic_count_hidden":0,"_bbp_reply_count_hidden":0,"_bbp_forum_subforum_count":0,"footnotes":""},"categories":[108,29,112,110],"tags":[],"class_list":["post-4778","post","type-post","status-publish","format-standard","has-post-thumbnail","hentry","category-batx-1","category-portada","category-smx-1","category-tapsd-1"],"post_mailing_queue_ids":[],"_links":{"self":[{"href":"https:\/\/agora.xtec.cat\/iesguinovarda\/wp-json\/wp\/v2\/posts\/4778","targetHints":{"allow":["GET"]}}],"collection":[{"href":"https:\/\/agora.xtec.cat\/iesguinovarda\/wp-json\/wp\/v2\/posts"}],"about":[{"href":"https:\/\/agora.xtec.cat\/iesguinovarda\/wp-json\/wp\/v2\/types\/post"}],"author":[{"embeddable":true,"href":"https:\/\/agora.xtec.cat\/iesguinovarda\/wp-json\/wp\/v2\/users\/5"}],"replies":[{"embeddable":true,"href":"https:\/\/agora.xtec.cat\/iesguinovarda\/wp-json\/wp\/v2\/comments?post=4778"}],"version-history":[{"count":1,"href":"https:\/\/agora.xtec.cat\/iesguinovarda\/wp-json\/wp\/v2\/posts\/4778\/revisions"}],"predecessor-version":[{"id":4780,"href":"https:\/\/agora.xtec.cat\/iesguinovarda\/wp-json\/wp\/v2\/posts\/4778\/revisions\/4780"}],"wp:featuredmedia":[{"embeddable":true,"href":"https:\/\/agora.xtec.cat\/iesguinovarda\/wp-json\/wp\/v2\/media\/4779"}],"wp:attachment":[{"href":"https:\/\/agora.xtec.cat\/iesguinovarda\/wp-json\/wp\/v2\/media?parent=4778"}],"wp:term":[{"taxonomy":"category","embeddable":true,"href":"https:\/\/agora.xtec.cat\/iesguinovarda\/wp-json\/wp\/v2\/categories?post=4778"},{"taxonomy":"post_tag","embeddable":true,"href":"https:\/\/agora.xtec.cat\/iesguinovarda\/wp-json\/wp\/v2\/tags?post=4778"}],"curies":[{"name":"wp","href":"https:\/\/api.w.org\/{rel}","templated":true}]}}