{"id":4765,"date":"2024-03-25T17:26:36","date_gmt":"2024-03-25T16:26:36","guid":{"rendered":"https:\/\/agora.xtec.cat\/iesguinovarda\/?p=4765"},"modified":"2024-03-25T17:33:09","modified_gmt":"2024-03-25T16:33:09","slug":"taller-daptituds-i-competencies-personals","status":"publish","type":"post","link":"https:\/\/agora.xtec.cat\/iesguinovarda\/portada\/taller-daptituds-i-competencies-personals\/","title":{"rendered":"TALLER D\u2019APTITUDS I COMPET\u00c8NCIES PERSONALS"},"content":{"rendered":"<p>Dilluns, 18 de mar\u00e7, l\u2019alumnat de primer i segon de Serveis Comercials va participar en un taller sobre aptituds i compet\u00e8ncies personals, organitzat per la Diputaci\u00f3 de Barcelona.<br \/>\nVan con\u00e8ixer quines s\u00f3n les habilitats, els coneixements i les aptituds que es necessitin per exercir una ocupaci\u00f3 o desenvolupar determinades activitats personals i professionals.<\/p>\n<p><a data-flickr-embed=\"true\" href=\"https:\/\/www.flickr.com\/photos\/insguinovarda\/albums\/72177720315666142\" title=\"Taller d&#x27;aptituds i compet\u00e8ncies personals (12SCOM)\"><img loading=\"lazy\" decoding=\"async\" src=\"https:\/\/live.staticflickr.com\/65535\/53610984420_e872d90786_z.jpg\" width=\"640\" height=\"480\" alt=\"Taller d&#x27;aptituds i compet\u00e8ncies personals (12SCOM)\"\/><\/a><script async src=\"\/\/embedr.flickr.com\/assets\/client-code.js\" charset=\"utf-8\"><\/script><\/p>\n","protected":false},"excerpt":{"rendered":"<p>Dilluns, 18 de mar\u00e7, l\u2019alumnat de primer i segon de Serveis Comercials va participar en un taller sobre aptituds i compet\u00e8ncies personals, organitzat per la Diputaci\u00f3 de Barcelona.<br \/>\nVan con\u00e8ixer quines s\u00f3n les habilitats, els coneixements i les aptituds que es necessitin per exercir una ocupaci\u00f3&hellip;  <a href=\"https:\/\/agora.xtec.cat\/iesguinovarda\/portada\/taller-daptituds-i-competencies-personals\/\" title=\"Read TALLER D\u2019APTITUDS I COMPET\u00c8NCIES PERSONALS\">Llegeix m\u00e9s\u00bb<\/a><\/p>\n","protected":false},"author":5,"featured_media":4767,"comment_status":"closed","ping_status":"closed","sticky":false,"template":"","format":"standard","meta":{"_bbp_topic_count":0,"_bbp_reply_count":0,"_bbp_total_topic_count":0,"_bbp_total_reply_count":0,"_bbp_voice_count":0,"_bbp_anonymous_reply_count":0,"_bbp_topic_count_hidden":0,"_bbp_reply_count_hidden":0,"_bbp_forum_subforum_count":0,"footnotes":""},"categories":[117,118,29],"tags":[],"class_list":["post-4765","post","type-post","status-publish","format-standard","has-post-thumbnail","hentry","category-1scom","category-2scom","category-portada"],"post_mailing_queue_ids":[],"_links":{"self":[{"href":"https:\/\/agora.xtec.cat\/iesguinovarda\/wp-json\/wp\/v2\/posts\/4765","targetHints":{"allow":["GET"]}}],"collection":[{"href":"https:\/\/agora.xtec.cat\/iesguinovarda\/wp-json\/wp\/v2\/posts"}],"about":[{"href":"https:\/\/agora.xtec.cat\/iesguinovarda\/wp-json\/wp\/v2\/types\/post"}],"author":[{"embeddable":true,"href":"https:\/\/agora.xtec.cat\/iesguinovarda\/wp-json\/wp\/v2\/users\/5"}],"replies":[{"embeddable":true,"href":"https:\/\/agora.xtec.cat\/iesguinovarda\/wp-json\/wp\/v2\/comments?post=4765"}],"version-history":[{"count":2,"href":"https:\/\/agora.xtec.cat\/iesguinovarda\/wp-json\/wp\/v2\/posts\/4765\/revisions"}],"predecessor-version":[{"id":4768,"href":"https:\/\/agora.xtec.cat\/iesguinovarda\/wp-json\/wp\/v2\/posts\/4765\/revisions\/4768"}],"wp:featuredmedia":[{"embeddable":true,"href":"https:\/\/agora.xtec.cat\/iesguinovarda\/wp-json\/wp\/v2\/media\/4767"}],"wp:attachment":[{"href":"https:\/\/agora.xtec.cat\/iesguinovarda\/wp-json\/wp\/v2\/media?parent=4765"}],"wp:term":[{"taxonomy":"category","embeddable":true,"href":"https:\/\/agora.xtec.cat\/iesguinovarda\/wp-json\/wp\/v2\/categories?post=4765"},{"taxonomy":"post_tag","embeddable":true,"href":"https:\/\/agora.xtec.cat\/iesguinovarda\/wp-json\/wp\/v2\/tags?post=4765"}],"curies":[{"name":"wp","href":"https:\/\/api.w.org\/{rel}","templated":true}]}}