{"id":4744,"date":"2024-03-25T16:20:20","date_gmt":"2024-03-25T15:20:20","guid":{"rendered":"https:\/\/agora.xtec.cat\/iesguinovarda\/?p=4744"},"modified":"2024-03-25T16:20:20","modified_gmt":"2024-03-25T15:20:20","slug":"tallers-dequitat-menstrual","status":"publish","type":"post","link":"https:\/\/agora.xtec.cat\/iesguinovarda\/eso\/eso-1\/tallers-dequitat-menstrual\/","title":{"rendered":"TALLERS D\u2019EQUITAT MENSTRUAL"},"content":{"rendered":"<p>Els dies 5 i 12 de mar\u00e7, l\u2019alumnat de primer d\u2019ESO va participar en un taller sobre equitat menstrual, impartit per professionals del CAP de Piera.<br \/>\nEls van explicar com funcionen els productes, qu\u00e8 \u00e9s la menstruaci\u00f3 i quins mites i tab\u00fas giren al seu voltant. El taller tamb\u00e9 va servir per resoldre els dubtes plantejats pels alumnes sobre l\u2019\u00fas dels productes menstruals.<br \/>\nEl projecte La meva regla, les meves regles \u00e9s una iniciativa de la Generalitat que t\u00e9 com a objectiu formar en educaci\u00f3 menstrual el jovent, facilitar-los productes menstruals reutilitzables i que les joves puguin escollir el producte amb qu\u00e8 se sentin m\u00e9s c\u00f2modes o el que millor s\u2019ajusti a cada dia del seu cicle menstrual, al mateix temps que  prenguin consci\u00e8ncia de l\u2019impacte ecol\u00f2gic dels productes d\u2019un sol \u00fas.<\/p>\n<p><a data-flickr-embed=\"true\" href=\"https:\/\/www.flickr.com\/photos\/insguinovarda\/albums\/72177720315676398\" title=\"Taller equitat menstrual (1ESO)\"><img loading=\"lazy\" decoding=\"async\" src=\"https:\/\/live.staticflickr.com\/65535\/53609503112_fa2a1e1dd7_z.jpg\" width=\"640\" height=\"480\" alt=\"Taller equitat menstrual (1ESO)\"\/><\/a><script async src=\"\/\/embedr.flickr.com\/assets\/client-code.js\" charset=\"utf-8\"><\/script><\/p>\n","protected":false},"excerpt":{"rendered":"<p>Els dies 5 i 12 de mar\u00e7, l\u2019alumnat de primer d\u2019ESO va participar en un taller sobre equitat menstrual, impartit per professionals del CAP de Piera.<br \/>\nEls van explicar com funcionen els productes, qu\u00e8 \u00e9s la menstruaci\u00f3 i quins mites i tab\u00fas giren al seu voltant.&hellip;  <a href=\"https:\/\/agora.xtec.cat\/iesguinovarda\/eso\/eso-1\/tallers-dequitat-menstrual\/\" title=\"Read TALLERS D\u2019EQUITAT MENSTRUAL\">Llegeix m\u00e9s\u00bb<\/a><\/p>\n","protected":false},"author":5,"featured_media":4745,"comment_status":"closed","ping_status":"closed","sticky":false,"template":"","format":"standard","meta":{"_bbp_topic_count":0,"_bbp_reply_count":0,"_bbp_total_topic_count":0,"_bbp_total_reply_count":0,"_bbp_voice_count":0,"_bbp_anonymous_reply_count":0,"_bbp_topic_count_hidden":0,"_bbp_reply_count_hidden":0,"_bbp_forum_subforum_count":0,"footnotes":""},"categories":[4,29],"tags":[],"class_list":["post-4744","post","type-post","status-publish","format-standard","has-post-thumbnail","hentry","category-eso-1","category-portada"],"post_mailing_queue_ids":[],"_links":{"self":[{"href":"https:\/\/agora.xtec.cat\/iesguinovarda\/wp-json\/wp\/v2\/posts\/4744","targetHints":{"allow":["GET"]}}],"collection":[{"href":"https:\/\/agora.xtec.cat\/iesguinovarda\/wp-json\/wp\/v2\/posts"}],"about":[{"href":"https:\/\/agora.xtec.cat\/iesguinovarda\/wp-json\/wp\/v2\/types\/post"}],"author":[{"embeddable":true,"href":"https:\/\/agora.xtec.cat\/iesguinovarda\/wp-json\/wp\/v2\/users\/5"}],"replies":[{"embeddable":true,"href":"https:\/\/agora.xtec.cat\/iesguinovarda\/wp-json\/wp\/v2\/comments?post=4744"}],"version-history":[{"count":1,"href":"https:\/\/agora.xtec.cat\/iesguinovarda\/wp-json\/wp\/v2\/posts\/4744\/revisions"}],"predecessor-version":[{"id":4746,"href":"https:\/\/agora.xtec.cat\/iesguinovarda\/wp-json\/wp\/v2\/posts\/4744\/revisions\/4746"}],"wp:featuredmedia":[{"embeddable":true,"href":"https:\/\/agora.xtec.cat\/iesguinovarda\/wp-json\/wp\/v2\/media\/4745"}],"wp:attachment":[{"href":"https:\/\/agora.xtec.cat\/iesguinovarda\/wp-json\/wp\/v2\/media?parent=4744"}],"wp:term":[{"taxonomy":"category","embeddable":true,"href":"https:\/\/agora.xtec.cat\/iesguinovarda\/wp-json\/wp\/v2\/categories?post=4744"},{"taxonomy":"post_tag","embeddable":true,"href":"https:\/\/agora.xtec.cat\/iesguinovarda\/wp-json\/wp\/v2\/tags?post=4744"}],"curies":[{"name":"wp","href":"https:\/\/api.w.org\/{rel}","templated":true}]}}