{"id":4712,"date":"2024-03-17T12:37:40","date_gmt":"2024-03-17T11:37:40","guid":{"rendered":"https:\/\/agora.xtec.cat\/iesguinovarda\/?p=4712"},"modified":"2024-03-17T12:37:40","modified_gmt":"2024-03-17T11:37:40","slug":"esquiada-a-la-masella","status":"publish","type":"post","link":"https:\/\/agora.xtec.cat\/iesguinovarda\/eso\/eso-2\/esquiada-a-la-masella\/","title":{"rendered":"ESQUIADA A LA MASELLA"},"content":{"rendered":"<p>Els dies 7 i 8 de mar\u00e7 l\u2019alumnat de 2n d\u2019ESO va anar a esquiar a l\u2019estaci\u00f3 d\u2019esqu\u00ed de La Masella.<br \/>\nDurant aquests dies, van gaudir de la practica de l\u2019esqu\u00ed amb monitors i tamb\u00e9 van aprofitar per con\u00e8ixer Bellver de la Cerdanya i van poder contemplar el paisatge que els oferia aquestes muntanyes dels Pirineus.<\/p>\n<p><a data-flickr-embed=\"true\" href=\"https:\/\/www.flickr.com\/photos\/insguinovarda\/albums\/72177720315510839\" title=\"ESQUIADA LA MASELLA (2ESO)\"><img loading=\"lazy\" decoding=\"async\" src=\"https:\/\/live.staticflickr.com\/65535\/53592990913_25d8409076_z.jpg\" width=\"640\" height=\"480\" alt=\"ESQUIADA LA MASELLA (2ESO)\"\/><\/a><script async src=\"\/\/embedr.flickr.com\/assets\/client-code.js\" charset=\"utf-8\"><\/script><\/p>\n","protected":false},"excerpt":{"rendered":"<p>Els dies 7 i 8 de mar\u00e7 l\u2019alumnat de 2n d\u2019ESO va anar a esquiar a l\u2019estaci\u00f3 d\u2019esqu\u00ed de La Masella.<br \/>\nDurant aquests dies, van gaudir de la practica de l\u2019esqu\u00ed amb monitors i tamb\u00e9 van aprofitar per con\u00e8ixer Bellver de la Cerdanya i van poder&hellip;  <a href=\"https:\/\/agora.xtec.cat\/iesguinovarda\/eso\/eso-2\/esquiada-a-la-masella\/\" title=\"Read ESQUIADA A LA MASELLA\">Llegeix m\u00e9s\u00bb<\/a><\/p>\n","protected":false},"author":5,"featured_media":4713,"comment_status":"closed","ping_status":"closed","sticky":false,"template":"","format":"standard","meta":{"_bbp_topic_count":0,"_bbp_reply_count":0,"_bbp_total_topic_count":0,"_bbp_total_reply_count":0,"_bbp_voice_count":0,"_bbp_anonymous_reply_count":0,"_bbp_topic_count_hidden":0,"_bbp_reply_count_hidden":0,"_bbp_forum_subforum_count":0,"footnotes":""},"categories":[5,29],"tags":[],"class_list":["post-4712","post","type-post","status-publish","format-standard","has-post-thumbnail","hentry","category-eso-2","category-portada"],"post_mailing_queue_ids":[],"_links":{"self":[{"href":"https:\/\/agora.xtec.cat\/iesguinovarda\/wp-json\/wp\/v2\/posts\/4712","targetHints":{"allow":["GET"]}}],"collection":[{"href":"https:\/\/agora.xtec.cat\/iesguinovarda\/wp-json\/wp\/v2\/posts"}],"about":[{"href":"https:\/\/agora.xtec.cat\/iesguinovarda\/wp-json\/wp\/v2\/types\/post"}],"author":[{"embeddable":true,"href":"https:\/\/agora.xtec.cat\/iesguinovarda\/wp-json\/wp\/v2\/users\/5"}],"replies":[{"embeddable":true,"href":"https:\/\/agora.xtec.cat\/iesguinovarda\/wp-json\/wp\/v2\/comments?post=4712"}],"version-history":[{"count":1,"href":"https:\/\/agora.xtec.cat\/iesguinovarda\/wp-json\/wp\/v2\/posts\/4712\/revisions"}],"predecessor-version":[{"id":4714,"href":"https:\/\/agora.xtec.cat\/iesguinovarda\/wp-json\/wp\/v2\/posts\/4712\/revisions\/4714"}],"wp:featuredmedia":[{"embeddable":true,"href":"https:\/\/agora.xtec.cat\/iesguinovarda\/wp-json\/wp\/v2\/media\/4713"}],"wp:attachment":[{"href":"https:\/\/agora.xtec.cat\/iesguinovarda\/wp-json\/wp\/v2\/media?parent=4712"}],"wp:term":[{"taxonomy":"category","embeddable":true,"href":"https:\/\/agora.xtec.cat\/iesguinovarda\/wp-json\/wp\/v2\/categories?post=4712"},{"taxonomy":"post_tag","embeddable":true,"href":"https:\/\/agora.xtec.cat\/iesguinovarda\/wp-json\/wp\/v2\/tags?post=4712"}],"curies":[{"name":"wp","href":"https:\/\/api.w.org\/{rel}","templated":true}]}}