{"id":4591,"date":"2024-02-25T19:43:50","date_gmt":"2024-02-25T18:43:50","guid":{"rendered":"https:\/\/agora.xtec.cat\/iesguinovarda\/?p=4591"},"modified":"2024-02-25T19:44:22","modified_gmt":"2024-02-25T18:44:22","slug":"cuidem-la-nostra-autoestima","status":"publish","type":"post","link":"https:\/\/agora.xtec.cat\/iesguinovarda\/eso\/eso-1\/cuidem-la-nostra-autoestima\/","title":{"rendered":"CUIDEM LA NOSTRA AUTOESTIMA"},"content":{"rendered":"<p>Durant el segon trimestre, els alumnes de 1r i 2n d\u2019ESO van participar en un taller sobre l\u2019autoestima, organitzat pel CAP de Piera.  Aquestes sessions van centrar-se en proporcionar al jovent eines perqu\u00e8 puguin con\u00e8ixer les seves possibilitats i els seus l\u00edmits i que s\u00e0piguen desenvolupar-se plenament com a persones i adquirir les responsabilitats que els pertoquin.<\/p>\n<p><a data-flickr-embed=\"true\" href=\"https:\/\/www.flickr.com\/photos\/insguinovarda\/albums\/72177720315075029\" title=\"Taller autoestima (12 ESO)\"><img loading=\"lazy\" decoding=\"async\" src=\"https:\/\/live.staticflickr.com\/65535\/53551655566_fdcd8a5635_z.jpg\" width=\"640\" height=\"480\" alt=\"Taller autoestima (12 ESO)\"\/><\/a><script async src=\"\/\/embedr.flickr.com\/assets\/client-code.js\" charset=\"utf-8\"><\/script><\/p>\n","protected":false},"excerpt":{"rendered":"<p>Durant el segon trimestre, els alumnes de 1r i 2n d\u2019ESO van participar en un taller sobre l\u2019autoestima, organitzat pel CAP de Piera.  Aquestes sessions van centrar-se en proporcionar al jovent eines perqu\u00e8 puguin con\u00e8ixer les seves possibilitats i els seus l\u00edmits i que&hellip;  <a href=\"https:\/\/agora.xtec.cat\/iesguinovarda\/eso\/eso-1\/cuidem-la-nostra-autoestima\/\" title=\"Read CUIDEM LA NOSTRA AUTOESTIMA\">Llegeix m\u00e9s\u00bb<\/a><\/p>\n","protected":false},"author":5,"featured_media":4592,"comment_status":"closed","ping_status":"closed","sticky":false,"template":"","format":"standard","meta":{"_bbp_topic_count":0,"_bbp_reply_count":0,"_bbp_total_topic_count":0,"_bbp_total_reply_count":0,"_bbp_voice_count":0,"_bbp_anonymous_reply_count":0,"_bbp_topic_count_hidden":0,"_bbp_reply_count_hidden":0,"_bbp_forum_subforum_count":0,"footnotes":""},"categories":[4,5,29],"tags":[],"class_list":["post-4591","post","type-post","status-publish","format-standard","has-post-thumbnail","hentry","category-eso-1","category-eso-2","category-portada"],"post_mailing_queue_ids":[],"_links":{"self":[{"href":"https:\/\/agora.xtec.cat\/iesguinovarda\/wp-json\/wp\/v2\/posts\/4591","targetHints":{"allow":["GET"]}}],"collection":[{"href":"https:\/\/agora.xtec.cat\/iesguinovarda\/wp-json\/wp\/v2\/posts"}],"about":[{"href":"https:\/\/agora.xtec.cat\/iesguinovarda\/wp-json\/wp\/v2\/types\/post"}],"author":[{"embeddable":true,"href":"https:\/\/agora.xtec.cat\/iesguinovarda\/wp-json\/wp\/v2\/users\/5"}],"replies":[{"embeddable":true,"href":"https:\/\/agora.xtec.cat\/iesguinovarda\/wp-json\/wp\/v2\/comments?post=4591"}],"version-history":[{"count":1,"href":"https:\/\/agora.xtec.cat\/iesguinovarda\/wp-json\/wp\/v2\/posts\/4591\/revisions"}],"predecessor-version":[{"id":4593,"href":"https:\/\/agora.xtec.cat\/iesguinovarda\/wp-json\/wp\/v2\/posts\/4591\/revisions\/4593"}],"wp:featuredmedia":[{"embeddable":true,"href":"https:\/\/agora.xtec.cat\/iesguinovarda\/wp-json\/wp\/v2\/media\/4592"}],"wp:attachment":[{"href":"https:\/\/agora.xtec.cat\/iesguinovarda\/wp-json\/wp\/v2\/media?parent=4591"}],"wp:term":[{"taxonomy":"category","embeddable":true,"href":"https:\/\/agora.xtec.cat\/iesguinovarda\/wp-json\/wp\/v2\/categories?post=4591"},{"taxonomy":"post_tag","embeddable":true,"href":"https:\/\/agora.xtec.cat\/iesguinovarda\/wp-json\/wp\/v2\/tags?post=4591"}],"curies":[{"name":"wp","href":"https:\/\/api.w.org\/{rel}","templated":true}]}}