{"id":4564,"date":"2024-02-11T18:46:02","date_gmt":"2024-02-11T17:46:02","guid":{"rendered":"https:\/\/agora.xtec.cat\/iesguinovarda\/?p=4564"},"modified":"2024-02-11T18:46:02","modified_gmt":"2024-02-11T17:46:02","slug":"dispiera-torna-a-lins-guinovarda","status":"publish","type":"post","link":"https:\/\/agora.xtec.cat\/iesguinovarda\/portada\/dispiera-torna-a-lins-guinovarda\/","title":{"rendered":"DISPIERA TORNA A L\u2019INS GUINOVARDA"},"content":{"rendered":"<p>Dilluns, 5 de febrer, l\u2019Associaci\u00f3 DISPIERA va oferir una xerrada a l\u2019alumnat de 1r de TAPSD perqu\u00e8 coneguin quines activitats realitzen amb les fam\u00edlies que tenen fills discapacitats. Durant la xerrada, van poder treballar i parlar sobre les diferents situacions en qu\u00e8 es troben les fam\u00edlies i els seus fills i filles.<br \/>\nTot el que van con\u00e8ixer va ser molt enriquidora per a tothom. Va ser una manera de veure la tasca tan important que desenvolupen aquestes associacions. A m\u00e9s, van tenir l\u2019oportunitat de saber com \u00e9s el dia a dia dels discapacitats ps\u00edquics i quines s\u00f3n les seves principals necessitats.<\/p>\n<p><a data-flickr-embed=\"true\" href=\"https:\/\/www.flickr.com\/photos\/insguinovarda\/albums\/72177720314713887\" title=\"Dispiera (1TAPSD)\"><img loading=\"lazy\" decoding=\"async\" src=\"https:\/\/live.staticflickr.com\/65535\/53522973073_bd2bcf00a1_z.jpg\" width=\"640\" height=\"480\" alt=\"Dispiera (1TAPSD)\"\/><\/a><script async src=\"\/\/embedr.flickr.com\/assets\/client-code.js\" charset=\"utf-8\"><\/script><\/p>\n","protected":false},"excerpt":{"rendered":"<p>Dilluns, 5 de febrer, l\u2019Associaci\u00f3 DISPIERA va oferir una xerrada a l\u2019alumnat de 1r de TAPSD perqu\u00e8 coneguin quines activitats realitzen amb les fam\u00edlies que tenen fills discapacitats. Durant la xerrada, van poder treballar i parlar sobre les diferents situacions en qu\u00e8 es troben les&hellip;  <a href=\"https:\/\/agora.xtec.cat\/iesguinovarda\/portada\/dispiera-torna-a-lins-guinovarda\/\" title=\"Read DISPIERA TORNA A L\u2019INS GUINOVARDA\">Llegeix m\u00e9s\u00bb<\/a><\/p>\n","protected":false},"author":5,"featured_media":4565,"comment_status":"closed","ping_status":"closed","sticky":false,"template":"","format":"standard","meta":{"_bbp_topic_count":0,"_bbp_reply_count":0,"_bbp_total_topic_count":0,"_bbp_total_reply_count":0,"_bbp_voice_count":0,"_bbp_anonymous_reply_count":0,"_bbp_topic_count_hidden":0,"_bbp_reply_count_hidden":0,"_bbp_forum_subforum_count":0,"footnotes":""},"categories":[29,110],"tags":[],"class_list":["post-4564","post","type-post","status-publish","format-standard","has-post-thumbnail","hentry","category-portada","category-tapsd-1"],"post_mailing_queue_ids":[],"_links":{"self":[{"href":"https:\/\/agora.xtec.cat\/iesguinovarda\/wp-json\/wp\/v2\/posts\/4564","targetHints":{"allow":["GET"]}}],"collection":[{"href":"https:\/\/agora.xtec.cat\/iesguinovarda\/wp-json\/wp\/v2\/posts"}],"about":[{"href":"https:\/\/agora.xtec.cat\/iesguinovarda\/wp-json\/wp\/v2\/types\/post"}],"author":[{"embeddable":true,"href":"https:\/\/agora.xtec.cat\/iesguinovarda\/wp-json\/wp\/v2\/users\/5"}],"replies":[{"embeddable":true,"href":"https:\/\/agora.xtec.cat\/iesguinovarda\/wp-json\/wp\/v2\/comments?post=4564"}],"version-history":[{"count":1,"href":"https:\/\/agora.xtec.cat\/iesguinovarda\/wp-json\/wp\/v2\/posts\/4564\/revisions"}],"predecessor-version":[{"id":4566,"href":"https:\/\/agora.xtec.cat\/iesguinovarda\/wp-json\/wp\/v2\/posts\/4564\/revisions\/4566"}],"wp:featuredmedia":[{"embeddable":true,"href":"https:\/\/agora.xtec.cat\/iesguinovarda\/wp-json\/wp\/v2\/media\/4565"}],"wp:attachment":[{"href":"https:\/\/agora.xtec.cat\/iesguinovarda\/wp-json\/wp\/v2\/media?parent=4564"}],"wp:term":[{"taxonomy":"category","embeddable":true,"href":"https:\/\/agora.xtec.cat\/iesguinovarda\/wp-json\/wp\/v2\/categories?post=4564"},{"taxonomy":"post_tag","embeddable":true,"href":"https:\/\/agora.xtec.cat\/iesguinovarda\/wp-json\/wp\/v2\/tags?post=4564"}],"curies":[{"name":"wp","href":"https:\/\/api.w.org\/{rel}","templated":true}]}}